{"id":16600,"date":"2020-12-03T02:15:00","date_gmt":"2020-12-03T02:15:00","guid":{"rendered":"https:\/\/www.radiopresidenteibanez.cl\/web\/?p=16600"},"modified":"2020-12-02T16:21:01","modified_gmt":"2020-12-02T16:21:01","slug":"moderada-caida-del-imacec-llega-a-12","status":"publish","type":"post","link":"https:\/\/www.radiopresidenteibanez.cl\/web\/moderada-caida-del-imacec-llega-a-12\/","title":{"rendered":"MODERADA CA\u00cdDA DEL IMACEC, LLEGA A -1,2%"},"content":{"rendered":"\n<p>El resultado se vio impactado por\nlos efectos de la emergencia sanitaria asociada al Covid-19, que influy\u00f3 en la\nmovilidad de las personas y el normal funcionamiento de establecimientos\nproductivos. En este contexto, las actividades que explicaron la ca\u00edda fueron\nlos servicios y la producci\u00f3n de bienes, con disminuciones de 4,9% y 1,3%,\nrespectivamente. En contraste, el comercio creci\u00f3 17,0%, contribuyendo\npositivamente al resultado anterior.<\/p>\n\n\n\n<p>En este contexto la Seremi de\nEconom\u00eda, Fomento y Turismo, Natalia Easton indic\u00f3, \u201cPor supuesto que la\nemergencia sanitaria ha impactado fuertemente la econom\u00eda nacional y regional.\nLas restricciones de desplazamiento y el confinamiento han generado que\nsectores como el comercio, los servicios y el turismo, entre otros, se\ncontraigan significativamente. Estos efectos se reflejan en el \u00edndice mensual\nde la actividad econ\u00f3mica, pero es importante desatacar y valorar que hemos ido\navanzando. Vemos que se est\u00e1 reactivando poco a poco la econom\u00eda, y eso se est\u00e1\nnotando en las cifras\u201d.<\/p>\n\n\n\n<p>El menor desempe\u00f1o de la\nproducci\u00f3n de bienes fue explicado por la agrupaci\u00f3n resto de bienes, que anot\u00f3\nuna disminuci\u00f3n de 8,1%, asociado a la ca\u00edda de la construcci\u00f3n. Compensaron\nparcialmente el resultado anterior, la industria manufacturera y la miner\u00eda con\nalzas de 4,9% y 1,6%, respectivamente.&nbsp;\nAcorde con cifras ajustadas por estacionalidad, la producci\u00f3n de bienes\nexhibi\u00f3 un aumento de 3,1% respecto del mes anterior. Resto de bienes y, en\nmenor medida, la industria manufacturera impuls\u00f3 este resultado, mientras que\nminer\u00eda cay\u00f3.&nbsp; Por su parte el comercio fue\nimpulsado por todos sus componentes, siendo el comercio minorista el de mayor\ndinamismo, el comercio mostr\u00f3 un aumento de 0,9% respecto del mes precedente,\nacorde a cifras desestacionalizadas.&nbsp; En\nel sector de los servicios destacaron las ca\u00eddas de restaurantes y hoteles,\ntransporte y educaci\u00f3n. Asimismo, cifras desestacionalizadas dan cuenta de una\nca\u00edda de 3,3% respecto al mes anterior.&nbsp; <\/p>\n\n\n\n<p>Easton agreg\u00f3, \u201cComo gobierno\nseguiremos trabajando por la reactivaci\u00f3n gradual y responsable de los sectores\necon\u00f3micos, impulsando con fuerza la adherencia a los protocolos sanitarios,\nque nos permitan una reapertura y reactivaci\u00f3n exitosas. Como Ministerio, hemos\napoyado fuertemente a los sectores m\u00e1s representativos y afectados de nuestra\neconom\u00eda regional, por medio de nuestros servicios de fomento, no solamente con\naportes econ\u00f3micos, sino que tambi\u00e9n con la preparaci\u00f3n de una pronta apertura.\nQuedan 1,3 millones de puestos de trabajo por recuperar en el pa\u00eds. Sabemos la\nimportancia de la reactivaci\u00f3n en este desaf\u00edo, en especial en la recuperaci\u00f3n\ndel empleo de mujeres y actividades ligadas al turismo, la cultura y la recreaci\u00f3n.\nLo que hemos visto este a\u00f1o es que se ha alterado la estacionalidad, lo que\nhace muy importante observar c\u00f3mo se va moderando la cifra del mes anterior.\u201d <\/p>\n","protected":false},"excerpt":{"rendered":"<p>El resultado se vio impactado por los efectos de la emergencia sanitaria asociada al Covid-19, que influy\u00f3 en la movilidad de las personas y el normal funcionamiento de establecimientos productivos&#8230;. <a class=\"read-more\" href=\"https:\/\/www.radiopresidenteibanez.cl\/web\/moderada-caida-del-imacec-llega-a-12\/\">Leer m\u00e1s<\/a><\/p>\n","protected":false},"author":2,"featured_media":16601,"comment_status":"closed","ping_status":"closed","sticky":false,"template":"","format":"standard","meta":{"footnotes":""},"categories":[1],"tags":[],"class_list":["post-16600","post","type-post","status-publish","format-standard","has-post-thumbnail","hentry","category-cronica"],"_links":{"self":[{"href":"https:\/\/www.radiopresidenteibanez.cl\/web\/wp-json\/wp\/v2\/posts\/16600","targetHints":{"allow":["GET"]}}],"collection":[{"href":"https:\/\/www.radiopresidenteibanez.cl\/web\/wp-json\/wp\/v2\/posts"}],"about":[{"href":"https:\/\/www.radiopresidenteibanez.cl\/web\/wp-json\/wp\/v2\/types\/post"}],"author":[{"embeddable":true,"href":"https:\/\/www.radiopresidenteibanez.cl\/web\/wp-json\/wp\/v2\/users\/2"}],"replies":[{"embeddable":true,"href":"https:\/\/www.radiopresidenteibanez.cl\/web\/wp-json\/wp\/v2\/comments?post=16600"}],"version-history":[{"count":0,"href":"https:\/\/www.radiopresidenteibanez.cl\/web\/wp-json\/wp\/v2\/posts\/16600\/revisions"}],"wp:featuredmedia":[{"embeddable":true,"href":"https:\/\/www.radiopresidenteibanez.cl\/web\/wp-json\/wp\/v2\/media\/16601"}],"wp:attachment":[{"href":"https:\/\/www.radiopresidenteibanez.cl\/web\/wp-json\/wp\/v2\/media?parent=16600"}],"wp:term":[{"taxonomy":"category","embeddable":true,"href":"https:\/\/www.radiopresidenteibanez.cl\/web\/wp-json\/wp\/v2\/categories?post=16600"},{"taxonomy":"post_tag","embeddable":true,"href":"https:\/\/www.radiopresidenteibanez.cl\/web\/wp-json\/wp\/v2\/tags?post=16600"}],"curies":[{"name":"wp","href":"https:\/\/api.w.org\/{rel}","templated":true}]}}