{"id":16598,"date":"2020-12-02T16:18:15","date_gmt":"2020-12-02T16:18:15","guid":{"rendered":"https:\/\/www.radiopresidenteibanez.cl\/web\/?p=16598"},"modified":"2020-12-02T16:18:21","modified_gmt":"2020-12-02T16:18:21","slug":"coordinadora-social-magallanes-declara-apoyo-a-marcelo-mandujano-y-pide-libertad-a-las-y-los-presos-politicos-del-estallido-social","status":"publish","type":"post","link":"https:\/\/www.radiopresidenteibanez.cl\/web\/coordinadora-social-magallanes-declara-apoyo-a-marcelo-mandujano-y-pide-libertad-a-las-y-los-presos-politicos-del-estallido-social\/","title":{"rendered":"COORDINADORA SOCIAL MAGALLANES DECLARA: APOYO A MARCELO MANDUJANO Y PIDE LIBERTAD A LAS Y LOS PRESOS POL\u00cdTICOS DEL ESTALLIDO SOCIAL"},"content":{"rendered":"\n<p>Las\nmasivas movilizaciones durante el estallido social en Chile han recibido una\nfuerte respuesta represiva por parte del Estado, que ha utilizado\nla prisi\u00f3n como forma de amedrentar\ny castigar a la sociedad que exige justas demandas. M\u00e1s de 2500 personas de\nArica a Punta Arenas hoy se\nencuentran injustamente privadas de libertad sufriendo persecuci\u00f3n y penas\ndesproporcionadas, evidenciando una gran desigualdad ante la ley.<\/p>\n\n\n\n<p>Es\npor esto que, hoy familiares y amigas\/os de quienes est\u00e1n tras las rejas a lo\nlargo de todo Chile invitan a la poblaci\u00f3n a continuar apoyando las diversas\nmanifestaciones y protestas y a apoyar acciones como la huelga de hambre y\nayuno colectivo de car\u00e1cter l\u00edquido, rotativo y extendido, que buscan visibilizar esta situaci\u00f3n y exigir que el Gobierno\nenvie en forma urgente\nun proyecto de ley que permita la liberaci\u00f3n de los\/as prisioneras\/os de la\nrevuelta social que se encuentran condenados o en procesos de formalizaci\u00f3n.<\/p>\n\n\n\n<p>La\npena de libertad vigilada por 5 a\u00f1os para el compa\u00f1ero Marcelo Mandujano Salas,\nes una muestra m\u00e1s de las desigualdades de la justicia en nuestro pa\u00eds. Esta\nsentencia pronunciada el d\u00eda de ayer es la evidencia que la brecha de justicia\nentre ricos y pobres sigue\ncreciendo, dando forma a una\nviolencia estructural de la que el estado de Chile se hace parte.<\/p>\n\n\n\n<p>Frente\na esta desigualdad es que las organizaciones que reune la Coordinadora Social\nde Magallanes, exigimos un pronunciamiento claro de las autoridades pol\u00edticas y\nde justicia de la regi\u00f3n y entiendan\nque una ley de amnist\u00eda\nes un primer camino para garantizar derechos\na las personas que nos\nmanifestamos en un estado democr\u00e1tico.<\/p>\n\n\n\n<p>Impulsamos\nlos derechos que tiene todo ciudadano\/a a manifestar su compromiso y a\npronunciarse a favor de la libertad. Hacemos\nun llamado a informarse en torno a la realidad\ndel sistema carcelario y de la prisi\u00f3n pol\u00edtica, con el fin de\nconcientizar a la comunidad en torno a la lucha que hoy se levanta en todo el\npa\u00eds ante una justicia desigual.<\/p>\n\n\n\n<p>Asi mismo,\nconvocamos a una movilizaci\u00f3n para el pr\u00f3ximo\n10 de diciembre, D\u00eda Internacional de los Derechos Humanos,\nhoy gravemente vulnerados, por el compromiso f\u00e9rreo que llevamos en el trabajo territorial y la\nlucha que todos y todas levantamos por quienes tienen m\u00e1s necesidades sentidas en el Chile actual.<\/p>\n\n\n\n<p>Finalmente,\nexpresamos nuestra solidaridad con la Presidenta de la Uni\u00f3n Comunal de Juntas\nde Vecin@s de Natales, Mar\u00eda Bel\u00e9n Davey, integrante de nuestra Coordinadora\nSocial, cuya detenci\u00f3n expresa tambi\u00e9n la vulneraci\u00f3n al ejercicio del rol\ndirigencial y la expresi\u00f3n de las demandas de un pueblo, agobiado\npor la crisis sociosanitaria y el p\u00e9simo\ne indolente manejo\nde la misma por parte del gobierno.<\/p>\n\n\n\n<p>Con\nfuerza decimos: basta de injusticias y de un Gobierno que mutila nuestro\nderecho a manifestarnos. Hasta que la Dignidad se haga costumbre.<\/p>\n","protected":false},"excerpt":{"rendered":"<p>Las masivas movilizaciones durante el estallido social en Chile han recibido una fuerte respuesta represiva por parte del Estado, que ha utilizado la prisi\u00f3n como forma de amedrentar y castigar&#8230; <a class=\"read-more\" href=\"https:\/\/www.radiopresidenteibanez.cl\/web\/coordinadora-social-magallanes-declara-apoyo-a-marcelo-mandujano-y-pide-libertad-a-las-y-los-presos-politicos-del-estallido-social\/\">Leer m\u00e1s<\/a><\/p>\n","protected":false},"author":2,"featured_media":740,"comment_status":"closed","ping_status":"closed","sticky":false,"template":"","format":"standard","meta":{"footnotes":""},"categories":[1],"tags":[],"class_list":["post-16598","post","type-post","status-publish","format-standard","has-post-thumbnail","hentry","category-cronica"],"_links":{"self":[{"href":"https:\/\/www.radiopresidenteibanez.cl\/web\/wp-json\/wp\/v2\/posts\/16598","targetHints":{"allow":["GET"]}}],"collection":[{"href":"https:\/\/www.radiopresidenteibanez.cl\/web\/wp-json\/wp\/v2\/posts"}],"about":[{"href":"https:\/\/www.radiopresidenteibanez.cl\/web\/wp-json\/wp\/v2\/types\/post"}],"author":[{"embeddable":true,"href":"https:\/\/www.radiopresidenteibanez.cl\/web\/wp-json\/wp\/v2\/users\/2"}],"replies":[{"embeddable":true,"href":"https:\/\/www.radiopresidenteibanez.cl\/web\/wp-json\/wp\/v2\/comments?post=16598"}],"version-history":[{"count":0,"href":"https:\/\/www.radiopresidenteibanez.cl\/web\/wp-json\/wp\/v2\/posts\/16598\/revisions"}],"wp:featuredmedia":[{"embeddable":true,"href":"https:\/\/www.radiopresidenteibanez.cl\/web\/wp-json\/wp\/v2\/media\/740"}],"wp:attachment":[{"href":"https:\/\/www.radiopresidenteibanez.cl\/web\/wp-json\/wp\/v2\/media?parent=16598"}],"wp:term":[{"taxonomy":"category","embeddable":true,"href":"https:\/\/www.radiopresidenteibanez.cl\/web\/wp-json\/wp\/v2\/categories?post=16598"},{"taxonomy":"post_tag","embeddable":true,"href":"https:\/\/www.radiopresidenteibanez.cl\/web\/wp-json\/wp\/v2\/tags?post=16598"}],"curies":[{"name":"wp","href":"https:\/\/api.w.org\/{rel}","templated":true}]}}