{"id":16595,"date":"2020-12-03T02:00:00","date_gmt":"2020-12-03T02:00:00","guid":{"rendered":"https:\/\/www.radiopresidenteibanez.cl\/web\/?p=16595"},"modified":"2020-12-02T14:59:14","modified_gmt":"2020-12-02T14:59:14","slug":"seremitt-informa-continuidad-en-los-servicios-de-conexion-para-puerto-williams","status":"publish","type":"post","link":"https:\/\/www.radiopresidenteibanez.cl\/web\/seremitt-informa-continuidad-en-los-servicios-de-conexion-para-puerto-williams\/","title":{"rendered":"SEREMITT INFORMA CONTINUIDAD EN LOS SERVICIOS DE CONEXI\u00d3N PARA PUERTO WILLIAMS"},"content":{"rendered":"\n<p>El seremi de\nTransportes y Telecomunicaciones Marco Mella inform\u00f3 que debido a la cuarentena\npreventiva que se desarrolla en una de las embarcaciones de Tabsa, el Ferry\nYaghan que realiza el servicio de traslado de carga y pasajeros conectando\nPuerto Williams con Punta Arenas debi\u00f3 modificar su horario habitual de salida,\ndesde las 18 a las 23 horas.<\/p>\n\n\n\n<p>\u201cPor ello es\nrelevante que la comunidad conozca los nuevos horarios del proceso de carga de\nesta semana, que se realizar\u00e1 el mismo jueves desde las 15 horas\u201d, a\u00f1adi\u00f3 Mella\nagregando que el servicio de transporte mar\u00edtimo a isla Navarino se ha\nmantenido durante toda la pandemia, lo que ha permitido mantener debidamente\nabastecida a la comunidad m\u00e1s aislada de la regi\u00f3n.<\/p>\n\n\n\n<p>\u201cAsimismo, queremos\ninformar que el servicio a\u00e9reo subsidiado operado por Dap sigue ofreci\u00e9ndose,\ncoordinado por la Gobernaci\u00f3n de la Provincia Ant\u00e1rtica, quienes verifican que\nse cumplan todos los protocolos necesarios para circular a trav\u00e9s de las\nbarreras sanitarias de ambas comunas de manera adecuada\u201d, explic\u00f3.<\/p>\n\n\n\n<p><strong>Protocolo a\u00e9reo<\/strong><\/p>\n\n\n\n<p>Para que los vecinos\ny vecinas de Puerto Williams puedan realizar el viaje, primero deben cumplir\ncon uno de los cinco requisitos establecidos por la autoridad sanitaria, como\nson cambio de domicilio, retorno al domicilio, asistencia a hora m\u00e9dica, cumplimiento\nde labor esencial o realizaci\u00f3n de tr\u00e1mites funerarios.<\/p>\n\n\n\n<p>Debidamente certificado\nel motivo, los residentes de isla Navarino deben comunicarse v\u00eda correo\nelectr\u00f3nico a la gobernaci\u00f3n Ant\u00e1rtica se\u00f1alando motivo, fechas del traslado y\nsolicitando el cupo. Esto debe realizarse hasta el jueves de la semana anterior\nal viaje. Posteriormente se deben tomar un test r\u00e1pido en el Hospital\nComunitario Cristina Calder\u00f3n, cuyo resultado entregan de inmediato. Junto al\ntest negativo, se debe portar pasaporte sanitario y c\u00e9dula de identidad para\nembarcarse en el vuelo.<\/p>\n\n\n\n<p>Si se debe tomar un\nvuelo desde Punta Arenas a Puerto Williams, los motivos deben ser igualmente\nacreditados y de igual manera solicitar el cupo en la gobernaci\u00f3n Ant\u00e1rtica. Adem\u00e1s,\nse debe coordinar en la seremi de Salud la toma de un examen PCR y llegando a\nPuerto Williams, el pasajero deber\u00e1 someterse a un test r\u00e1pido.\n\n\u201cTodas estas\nmedidas deben ser acompa\u00f1adas del correcto uso de mascarilla y lavado frecuente\nde manos. El autocuidado es primordial en momentos en que toda la comunidad\ntrabaja mancomunadamente para frenar los \u00edndices de contagio en nuestra\nregi\u00f3n\u201d, enfatiz\u00f3 el seremi.\n\n\n\n<\/p>\n","protected":false},"excerpt":{"rendered":"<p>El seremi de Transportes y Telecomunicaciones Marco Mella inform\u00f3 que debido a la cuarentena preventiva que se desarrolla en una de las embarcaciones de Tabsa, el Ferry Yaghan que realiza&#8230; <a class=\"read-more\" href=\"https:\/\/www.radiopresidenteibanez.cl\/web\/seremitt-informa-continuidad-en-los-servicios-de-conexion-para-puerto-williams\/\">Leer m\u00e1s<\/a><\/p>\n","protected":false},"author":2,"featured_media":16596,"comment_status":"closed","ping_status":"closed","sticky":false,"template":"","format":"standard","meta":{"footnotes":""},"categories":[1],"tags":[],"class_list":["post-16595","post","type-post","status-publish","format-standard","has-post-thumbnail","hentry","category-cronica"],"_links":{"self":[{"href":"https:\/\/www.radiopresidenteibanez.cl\/web\/wp-json\/wp\/v2\/posts\/16595","targetHints":{"allow":["GET"]}}],"collection":[{"href":"https:\/\/www.radiopresidenteibanez.cl\/web\/wp-json\/wp\/v2\/posts"}],"about":[{"href":"https:\/\/www.radiopresidenteibanez.cl\/web\/wp-json\/wp\/v2\/types\/post"}],"author":[{"embeddable":true,"href":"https:\/\/www.radiopresidenteibanez.cl\/web\/wp-json\/wp\/v2\/users\/2"}],"replies":[{"embeddable":true,"href":"https:\/\/www.radiopresidenteibanez.cl\/web\/wp-json\/wp\/v2\/comments?post=16595"}],"version-history":[{"count":0,"href":"https:\/\/www.radiopresidenteibanez.cl\/web\/wp-json\/wp\/v2\/posts\/16595\/revisions"}],"wp:featuredmedia":[{"embeddable":true,"href":"https:\/\/www.radiopresidenteibanez.cl\/web\/wp-json\/wp\/v2\/media\/16596"}],"wp:attachment":[{"href":"https:\/\/www.radiopresidenteibanez.cl\/web\/wp-json\/wp\/v2\/media?parent=16595"}],"wp:term":[{"taxonomy":"category","embeddable":true,"href":"https:\/\/www.radiopresidenteibanez.cl\/web\/wp-json\/wp\/v2\/categories?post=16595"},{"taxonomy":"post_tag","embeddable":true,"href":"https:\/\/www.radiopresidenteibanez.cl\/web\/wp-json\/wp\/v2\/tags?post=16595"}],"curies":[{"name":"wp","href":"https:\/\/api.w.org\/{rel}","templated":true}]}}