{"id":16588,"date":"2020-12-02T12:44:44","date_gmt":"2020-12-02T12:44:44","guid":{"rendered":"https:\/\/www.radiopresidenteibanez.cl\/web\/?p=16588"},"modified":"2020-12-02T12:44:50","modified_gmt":"2020-12-02T12:44:50","slug":"alcalde-radonich-esta-claro-que-la-cuarentena-tal-como-esta-no-dio-resultados","status":"publish","type":"post","link":"https:\/\/www.radiopresidenteibanez.cl\/web\/alcalde-radonich-esta-claro-que-la-cuarentena-tal-como-esta-no-dio-resultados\/","title":{"rendered":"ALCALDE RADONICH: \u201cEST\u00c1 CLARO QUE LA CUARENTENA TAL COMO EST\u00c1, NO DIO RESULTADOS\u201d"},"content":{"rendered":"\n<p>Una extensa agenda sostuvo el alcalde Claudio Radonich en la capital de nuestro pa\u00eds, visita en la que se reuni\u00f3 con el Ministro del Interior, Rodrigo Delgado y el Subsecretario de Redes Asistenciales, Alberto Dougnac, entre otras autoridades, a quienes les plante\u00f3 la necesidad de aplicar estrategias locales y apegadas a la realidad de nuestra regi\u00f3n.<\/p>\n\n\n\n<p>\u201cRespecto a la pandemia, he manifestado la necesidad de buscar y aplicar estrategias locales, de tal manera de saber convivir con el COVID-19, ya que est\u00e1 claro que la cuarentena tal como est\u00e1, no dio resultado, y queremos que la ciudad pueda desconfinarse, pero con responsabilidad\u201d, sostuvo Radonich.<\/p>\n\n\n\n<p>De igual forma, el Alcalde dijo que \u201cen paralelo, hemos insistido en nuestras peticiones respecto a la reapertura progresiva de Punta Arenas, en una reuni\u00f3n que tuvimos con el Ministro del Interior, donde pudimos revisar f\u00f3rmulas locales y as\u00ed avanzar en el desconfinamiento, lo antes posible\u201d.<\/p>\n\n\n\n<p>Radonich, valor\u00f3 la disposici\u00f3n de las autoridades centrales, ya que igualmente, agreg\u00f3 que \u201csostuvimos una reuni\u00f3n con el Subsecretario de Redes Asistenciales, una reuni\u00f3n de trabajo concreta y provechosa, en la que pudimos revisar los avances de los proyectos de construcci\u00f3n de los diferentes consultorios de nuestra ciudad\u201d.<\/p>\n\n\n\n<p>Frente a ello, la autoridad comunal, record\u00f3 que ya comenzaron los trabajos para el nuevo CESFAM Dr. Thomas Fenton, y que se est\u00e1 avanzando con el del Barrio 18, apurando el avance del Bencur y sobretodo, con la reanudaci\u00f3n de las obras para contar cuanto antes con el Servicio de Urgencia para el lado sur (SAR Damianovic), fundamental para un sector importante de la poblaci\u00f3n.<\/p>\n\n\n\n<p>Finalmente, el Alcalde de Punta Arenas, aprovech\u00f3 la ocasi\u00f3n para presentar los proyectos para el pr\u00f3ximo a\u00f1o 2021, entre los que destacan la construcci\u00f3n del SAPU en el CESFAM Carlos Ib\u00e1\u00f1ez, lo que permitir\u00e1 atender urgencias en ese lado de la ciudad.<\/p>\n","protected":false},"excerpt":{"rendered":"<p>Una extensa agenda sostuvo el alcalde Claudio Radonich en la capital de nuestro pa\u00eds, visita en la que se reuni\u00f3 con el Ministro del Interior, Rodrigo Delgado y el Subsecretario&#8230; <a class=\"read-more\" href=\"https:\/\/www.radiopresidenteibanez.cl\/web\/alcalde-radonich-esta-claro-que-la-cuarentena-tal-como-esta-no-dio-resultados\/\">Leer m\u00e1s<\/a><\/p>\n","protected":false},"author":2,"featured_media":16589,"comment_status":"closed","ping_status":"closed","sticky":false,"template":"","format":"standard","meta":{"footnotes":""},"categories":[1],"tags":[],"class_list":["post-16588","post","type-post","status-publish","format-standard","has-post-thumbnail","hentry","category-cronica"],"_links":{"self":[{"href":"https:\/\/www.radiopresidenteibanez.cl\/web\/wp-json\/wp\/v2\/posts\/16588","targetHints":{"allow":["GET"]}}],"collection":[{"href":"https:\/\/www.radiopresidenteibanez.cl\/web\/wp-json\/wp\/v2\/posts"}],"about":[{"href":"https:\/\/www.radiopresidenteibanez.cl\/web\/wp-json\/wp\/v2\/types\/post"}],"author":[{"embeddable":true,"href":"https:\/\/www.radiopresidenteibanez.cl\/web\/wp-json\/wp\/v2\/users\/2"}],"replies":[{"embeddable":true,"href":"https:\/\/www.radiopresidenteibanez.cl\/web\/wp-json\/wp\/v2\/comments?post=16588"}],"version-history":[{"count":0,"href":"https:\/\/www.radiopresidenteibanez.cl\/web\/wp-json\/wp\/v2\/posts\/16588\/revisions"}],"wp:featuredmedia":[{"embeddable":true,"href":"https:\/\/www.radiopresidenteibanez.cl\/web\/wp-json\/wp\/v2\/media\/16589"}],"wp:attachment":[{"href":"https:\/\/www.radiopresidenteibanez.cl\/web\/wp-json\/wp\/v2\/media?parent=16588"}],"wp:term":[{"taxonomy":"category","embeddable":true,"href":"https:\/\/www.radiopresidenteibanez.cl\/web\/wp-json\/wp\/v2\/categories?post=16588"},{"taxonomy":"post_tag","embeddable":true,"href":"https:\/\/www.radiopresidenteibanez.cl\/web\/wp-json\/wp\/v2\/tags?post=16588"}],"curies":[{"name":"wp","href":"https:\/\/api.w.org\/{rel}","templated":true}]}}