{"id":16586,"date":"2020-12-02T12:42:52","date_gmt":"2020-12-02T12:42:52","guid":{"rendered":"https:\/\/www.radiopresidenteibanez.cl\/web\/?p=16586"},"modified":"2020-12-02T12:42:58","modified_gmt":"2020-12-02T12:42:58","slug":"marcelo-mandujano-fue-condenado-a-cinco-anos-por-incendio-de-afp-en-libertad","status":"publish","type":"post","link":"https:\/\/www.radiopresidenteibanez.cl\/web\/marcelo-mandujano-fue-condenado-a-cinco-anos-por-incendio-de-afp-en-libertad\/","title":{"rendered":"MARCELO MANDUJANO FUE CONDENADO A CINCO A\u00d1OS POR INCENDIO DE AFP EN LIBERTAD"},"content":{"rendered":"\n<p>Marcelo\nMandujano Salas fue condenado hoy, a la pena de 4 a\u00f1os y 324 d\u00edas de presidio,\na las accesorias de inhabilitaci\u00f3n absoluta perpetua para derechos pol\u00edticos e\ninhabilitaci\u00f3n absoluta para cargos y oficios p\u00fablicos, durante el tiempo de la\ncondena, con costas, como autor del delitos consumados de incendio en perjuicio de AFP H\u00e1bitat y\nla Sociedad Las Violetas S.A. y a 41 d\u00edas de reclusi\u00f3n&nbsp; por los delitos de des\u00f3rdenes p\u00fablicos.<\/p>\n\n\n\n<p>En la\nsentencia, dictada por &nbsp;el Tribunal Oral\nen lo Penal, se indic\u00f3 que \u201creuni\u00e9ndose en la especie los requisitos legales,\nse sustituye la ejecuci\u00f3n de las penas privativas de libertad, impuestas al\nsentenciado, por la de libertad vigilada intensiva por el t\u00e9rmino de 5 a\u00f1os,\ndebiendo dar cumplimiento al plan de intervenci\u00f3n individual que elaborar\u00e1 el\ndelegado de gendarmer\u00eda de Chile que se designe al efecto\u201d. Asimismo, que el\nacusado \u201cdeber\u00e1 mantenerse en su domicilio o en el que en el futuro se\u00f1ale\nexpresamente al Tribunal en la etapa de cumplimento del fallo, durante 8 horas\ndiarias continuas\u201d.L<\/p>\n\n\n\n<p>Los\nmagistrados indicaron tambi\u00e9n que se acog\u00eda la demanda civil por indemnizaci\u00f3n\nde perjuicios con responsabilidad extra contractual deducida por Las Violetas\nS.A. respecto de la suma de 660 UF por concepto de rentas de arrendamientos\ndejadas de percibir, lucro cesante.<\/p>\n\n\n\n<p>En la\noportunidad y respecto del fallo, el Fiscal Felipe Aguirre manifest\u00f3 su\nconformidad con la sentencia debido a que se acredit\u00f3, mediante prueba\ncontundente en un 100 por ciento los delitos imputados, como tambi\u00e9n la autor\u00eda\ndel acusado en ellos, desestim\u00e1ndose las ilegalidades alegadas por la Defensa. En\ncuanto al monto de la pena, en tanto,&nbsp;\nindic\u00f3, que analizar\u00e1 el fallo y que estas decisiones, son atribuciones y\napreciaciones propias del Tribunal. <\/p>\n\n\n\n<p>Cabe\nrecordar que el hecho se perpetr\u00f3&nbsp; la noche del 12 de noviembre del a\u00f1o\npasado, mientras en la ciudad estaba en estado de conmoci\u00f3n, siendo captado, paso a paso, por las c\u00e1maras municipales, dando\ncuenta de &nbsp;la acci\u00f3n del acusado, qui\u00e9n\njunto a otros sujetos coordinaban su actuar &nbsp;desde momentos previos al incendio en la AFP H\u00e1bitat,\npor calle Col\u00f3n para luego \u00e9l ingresar a las dependencias con una tabla&nbsp; con fuego, inici\u00e1ndose posteriormente un\nincendio de grandes proporciones, con peligro de propagaci\u00f3n a otros edificios,\nque afect\u00f3 a toda la estructura y a su interior.<\/p>\n","protected":false},"excerpt":{"rendered":"<p>Marcelo Mandujano Salas fue condenado hoy, a la pena de 4 a\u00f1os y 324 d\u00edas de presidio, a las accesorias de inhabilitaci\u00f3n absoluta perpetua para derechos pol\u00edticos e inhabilitaci\u00f3n absoluta&#8230; <a class=\"read-more\" href=\"https:\/\/www.radiopresidenteibanez.cl\/web\/marcelo-mandujano-fue-condenado-a-cinco-anos-por-incendio-de-afp-en-libertad\/\">Leer m\u00e1s<\/a><\/p>\n","protected":false},"author":2,"featured_media":740,"comment_status":"closed","ping_status":"closed","sticky":false,"template":"","format":"standard","meta":{"footnotes":""},"categories":[1],"tags":[],"class_list":["post-16586","post","type-post","status-publish","format-standard","has-post-thumbnail","hentry","category-cronica"],"_links":{"self":[{"href":"https:\/\/www.radiopresidenteibanez.cl\/web\/wp-json\/wp\/v2\/posts\/16586","targetHints":{"allow":["GET"]}}],"collection":[{"href":"https:\/\/www.radiopresidenteibanez.cl\/web\/wp-json\/wp\/v2\/posts"}],"about":[{"href":"https:\/\/www.radiopresidenteibanez.cl\/web\/wp-json\/wp\/v2\/types\/post"}],"author":[{"embeddable":true,"href":"https:\/\/www.radiopresidenteibanez.cl\/web\/wp-json\/wp\/v2\/users\/2"}],"replies":[{"embeddable":true,"href":"https:\/\/www.radiopresidenteibanez.cl\/web\/wp-json\/wp\/v2\/comments?post=16586"}],"version-history":[{"count":0,"href":"https:\/\/www.radiopresidenteibanez.cl\/web\/wp-json\/wp\/v2\/posts\/16586\/revisions"}],"wp:featuredmedia":[{"embeddable":true,"href":"https:\/\/www.radiopresidenteibanez.cl\/web\/wp-json\/wp\/v2\/media\/740"}],"wp:attachment":[{"href":"https:\/\/www.radiopresidenteibanez.cl\/web\/wp-json\/wp\/v2\/media?parent=16586"}],"wp:term":[{"taxonomy":"category","embeddable":true,"href":"https:\/\/www.radiopresidenteibanez.cl\/web\/wp-json\/wp\/v2\/categories?post=16586"},{"taxonomy":"post_tag","embeddable":true,"href":"https:\/\/www.radiopresidenteibanez.cl\/web\/wp-json\/wp\/v2\/tags?post=16586"}],"curies":[{"name":"wp","href":"https:\/\/api.w.org\/{rel}","templated":true}]}}