{"id":16584,"date":"2020-12-02T12:35:29","date_gmt":"2020-12-02T12:35:29","guid":{"rendered":"https:\/\/www.radiopresidenteibanez.cl\/web\/?p=16584"},"modified":"2020-12-02T12:35:34","modified_gmt":"2020-12-02T12:35:34","slug":"no-es-el-diego-es-la-argentinidad-por-rodrigo-araya-socio-fundador-cooperativa-di-versos","status":"publish","type":"post","link":"https:\/\/www.radiopresidenteibanez.cl\/web\/no-es-el-diego-es-la-argentinidad-por-rodrigo-araya-socio-fundador-cooperativa-di-versos\/","title":{"rendered":"\u201cNO ES EL DIEGO, ES LA ARGENTINIDAD\u2026\u201d por Rodrigo Araya, Socio fundador Cooperativa Di-versos"},"content":{"rendered":"\n<p>Percibo que entre nosotros, las y\nlos chilenos, se ha producido una cierta sorpresa por la magnitud que ha\nalcanzado en Argentina la expresi\u00f3n p\u00fablica por la muerte de Diego Armando\nMaradona, el Diego.<\/p>\n\n\n\n<p>Claro que en algunos casos,\nintuyo, la sorpresa disimula un sentimiento m\u00e1s complejo de expresar\np\u00fablicamente en estos d\u00edas: decepci\u00f3n. \u00bfC\u00f3mo no estar decepcionado de un pa\u00eds,\ncomo Argentina, &nbsp;que parece olvidar toda\nsu tradici\u00f3n republicana al transformar en figura nacional a \u2026 un futbolista?<\/p>\n\n\n\n<p>\u00bfPor qu\u00e9 la sorpresa, y, m\u00e1s\ntriste a\u00fan, la decepci\u00f3n?<\/p>\n\n\n\n<p>Porque se insiste en ver a\nMaradona, el Diego, como un futbolista, y se resiste a verlo como un argentino\nque fue clave en la reconstrucci\u00f3n de la argentinidad, resistencia que transita\nentre dos polos: la subvaloraci\u00f3n de lo que la cultura de masas puede hacer por\nla construcci\u00f3n de la idea de naci\u00f3n, y la oposici\u00f3n a que la naci\u00f3n\nlatinoamericana se construya al margen del proyecto que encarna el Estado.<\/p>\n\n\n\n<p>Maradona, el Diego, fue un gran\nfutbolista. En eso hay consenso que hasta pudiera ser unanimidad. Pero fue m\u00e1s\nque eso. Un gran futbolista no habr\u00eda alcanzado el reconocimiento que sus\nconnacionales le otorgaron a el Diego. En especial, si su vida privada deja\ntantas sombras.<\/p>\n\n\n\n<p>Por ello, la frase que se le\natribuye a Fontanarrosa (rosarino como Leo y Bielsa), alcanza capacidad\nexplicativa: \u201cQu\u00e9 me importa lo que hizo con su vida; me importa lo que hizo\ncon la m\u00eda\u201d. Y cuando esta sentencia se viraliza por tanto argentino y\nargentina que la comparte, \u201clo que hizo con la m\u00eda\u201d se transforma en \u201clo que\nhizo con la nuestra\u201d.<\/p>\n\n\n\n<p>Va mi hip\u00f3tesis: sin los dos\ngoles a Inglaterra en M\u00e9xico \u201986, sin la victoria sobre la potencia imperial,\nMaradona s\u00f3lo habr\u00eda sido un gran futbolista. Pero esos goles lo transformaron,\na\u00fan sin pretenderlo, en el Diego.<\/p>\n\n\n\n<p>Recapitulemos. Leopoldo Fortunato\nGaltieri implement\u00f3 un plan que parec\u00eda bastante seguro: una guerra para\nreconstruir el sentimiento de naci\u00f3n, que parec\u00eda ya no convocaba a argentinos\ny argentinas. Plan necesario, ya que las inestabilidades producto de las\nprotestas que se realizaban contra la dictadura, comenzaban a parecer\nincontenibles, y a poner en riesgo su gobierno. Y un posible enemigo externo\napareci\u00f3 como alcanzable: la experiencia thatcheriana calaba profundo en la\neconom\u00eda del Reino Unido, por lo que exist\u00eda la posibilidad que el gobierno brit\u00e1nico\ndecidiera no responder al intento argentino de recuperar por la fuerza un\nterritorio apenas 12 mil kil\u00f3metros cuadrados, y ubicado a casi 13 mil\nkil\u00f3metros de distancia de Londres. Y as\u00ed, la Guerra de las Malvinas tuvo\nlugar.<\/p>\n\n\n\n<p>El desenlace es conocido:\nInglaterra no ceder\u00eda a sus posesiones imperiales, e impondr\u00eda su fuerza naval\ny militar, sin importar el gasto fiscal que ello implic\u00f3, y m\u00e1s a\u00fan, en tiempos\nde recesi\u00f3n.<\/p>\n\n\n\n<p>De la quinta econom\u00eda del mundo,\na un pa\u00eds dirigido por un dictadorcillo y humillado por una potencia imperial.\n\u00bfPuede resistir as\u00ed la argentinidad?<\/p>\n\n\n\n<p>Y ah\u00ed, aparece el Diego. Y un espect\u00e1culo\ntelevisivo global, como un Mundial de F\u00fatbol, le dio el escenario para\ntransformar en reivindicaci\u00f3n su genio y talento. Y vaya si lo hizo. Porque no\ns\u00f3lo se trat\u00f3 de dos goles. Se trat\u00f3 de demostrar que somos m\u00e1s astutos y\nh\u00e1biles que los europeos. Y por lo tanto, son las condiciones materiales, no\nhumanas, las que permiten explicar la posici\u00f3n que nuestros pa\u00edses ocupan en la\ngeopol\u00edtica global. <\/p>\n\n\n\n<p>Porque el primer gol es la\ndemostraci\u00f3n de nuestra chispeza (homenaje para nuestro Gary), y el segundo, de\nnuestra habilidad, porque por Dios (aunque pueda parecer redundante, ya que\nescribo sobre Maradona), que gol m\u00e1s lindo.<\/p>\n\n\n\n<p>Raz\u00f3n tiene Peter Shilton, el ingl\u00e9s\ncuya vida qued\u00f3 ligada irremediablemente a la figura de el Diego, cuando\nsostiene que Maradona no ten\u00eda esp\u00edritu deportivo, pues rompi\u00f3 intencionalmente\nlas reglas del f\u00fatbol al hacer un gol con la mano, y jam\u00e1s pidi\u00f3 disculpas por\nello. Ni un m\u00ednimo \u201cI\u2019m sorry\u201d (https:\/\/www.dailymail.co.uk\/sport\/sportsnews\/article-8987779\/PETER-SHILTON-Diego-Maradona-greatness-no-sportsmanship.html).<\/p>\n\n\n\n<p>Lo que Shilton, el portero de esa\nselecci\u00f3n masculina de f\u00fatbol, obvia, es que para los argentinos y argentinas,\nlo de ese 22 de junio del \u201986 no era s\u00f3lo un encuentro de f\u00fatbol: era la\noportunidad que la vida les daba para resucitar la argentinidad, y nada menos,\nreitero, que en un espect\u00e1culo televisivo global. Por lo tanto, en esa jornada\nno operaban las reglas del deporte. Nada de eso. Sino las de reconstruir el\nsentimiento nacional.<\/p>\n\n\n\n<p>Es que tal vez Shilton no escuch\u00f3\ncantar a Piero: \u201cles dicen Falkland, pero son Malvinas, porque la muerte\nenterrada es argentina\u201d.<\/p>\n\n\n\n<p>El Diego s\u00ed lo sab\u00eda, y estuvo a\nla altura de ello. Aunque jam\u00e1s sospech\u00f3 el precio que iba a pagar por\ntransformarse en el re-legitimador de la argentinidad. Porque el Diego no\nconstruye una argentinidad. Su vida privada, la violencia contra la mujer que\nejerci\u00f3, su abuso de las drogas, no le permit\u00edan tanto. Como a un Diego de este\nlado de la cordillera (Portales), tampoco su vida privada se lo permiti\u00f3. Pero\nsu desempe\u00f1o en ese no-\u00fanicamente-partido-de-f\u00fatbol contra Inglaterra, si\nalcanz\u00f3 para re-legitimar la argentinidad. <\/p>\n\n\n\n<p>Las dictaduras latinoamericanas\nintentaron gambetear al Diego y usar, sin \u00e9l, al f\u00fatbol para reconstruir un\nsentimiento nacional que ellas mismas hab\u00edan destrozado con tanto horror, con\ntanta violencia.<\/p>\n\n\n\n<p>Y les result\u00f3, pero\nmoment\u00e1neamente. A Pinochet con el partido en Mosc\u00fa por las eliminatorias del \u201974,\ny tambi\u00e9n con el Colo Colo del \u201973. Y a Videla, con el Mundial del \u201978 que\norganiz\u00f3 en la misma Argentina, y de la que su seleccionado nacional result\u00f3\ntriunfador. Los funerales de ambos dictadores fueron la mejor demostraci\u00f3n de\nque el sabor de la victoria de la fuerza s\u00f3lo precede a la soledad.<\/p>\n\n\n\n<p>La mejor demostraci\u00f3n que el\nEstado, autoritario o democr\u00e1tico, no tiene capacidad para aprovecharse del\nf\u00fatbol, o lo que sea que mueva el coraz\u00f3n de la naci\u00f3n, y construir un proyecto\nde nacionalidad. Porque siempre ser\u00e1 un proyecto a pesar de la naci\u00f3n, y no con\nla naci\u00f3n.<\/p>\n\n\n\n<p>Ahora, que vamos caminando por\nnuestro proceso constituyente, tenemos la oportunidad de construir un Estado\npara la o las naciones que ocupan el territorio. Y zafarnos de un Estado que\ninsiste en construir una naci\u00f3n a imagen y semejanza de s\u00ed mismo.<\/p>\n\n\n\n<p>Y lo que est\u00e1 pasando con la\ndespedida de el Diego, puede servirnos como espacio de aprendizaje para\npreguntarnos c\u00f3mo construir un sentimiento de nacionalidad, una chilenidad,\ndonde todos quepamos.<\/p>\n\n\n\n<p>Pero claro, para aprender de\nello, debemos dejar de mirar allende la cordillera con sorpresa, y mucho m\u00e1s,\ncon decepci\u00f3n.<\/p>\n","protected":false},"excerpt":{"rendered":"<p>Percibo que entre nosotros, las y los chilenos, se ha producido una cierta sorpresa por la magnitud que ha alcanzado en Argentina la expresi\u00f3n p\u00fablica por la muerte de Diego&#8230; <a class=\"read-more\" href=\"https:\/\/www.radiopresidenteibanez.cl\/web\/no-es-el-diego-es-la-argentinidad-por-rodrigo-araya-socio-fundador-cooperativa-di-versos\/\">Leer m\u00e1s<\/a><\/p>\n","protected":false},"author":2,"featured_media":11184,"comment_status":"closed","ping_status":"closed","sticky":false,"template":"","format":"standard","meta":{"footnotes":""},"categories":[1],"tags":[],"class_list":["post-16584","post","type-post","status-publish","format-standard","has-post-thumbnail","hentry","category-cronica"],"_links":{"self":[{"href":"https:\/\/www.radiopresidenteibanez.cl\/web\/wp-json\/wp\/v2\/posts\/16584","targetHints":{"allow":["GET"]}}],"collection":[{"href":"https:\/\/www.radiopresidenteibanez.cl\/web\/wp-json\/wp\/v2\/posts"}],"about":[{"href":"https:\/\/www.radiopresidenteibanez.cl\/web\/wp-json\/wp\/v2\/types\/post"}],"author":[{"embeddable":true,"href":"https:\/\/www.radiopresidenteibanez.cl\/web\/wp-json\/wp\/v2\/users\/2"}],"replies":[{"embeddable":true,"href":"https:\/\/www.radiopresidenteibanez.cl\/web\/wp-json\/wp\/v2\/comments?post=16584"}],"version-history":[{"count":0,"href":"https:\/\/www.radiopresidenteibanez.cl\/web\/wp-json\/wp\/v2\/posts\/16584\/revisions"}],"wp:featuredmedia":[{"embeddable":true,"href":"https:\/\/www.radiopresidenteibanez.cl\/web\/wp-json\/wp\/v2\/media\/11184"}],"wp:attachment":[{"href":"https:\/\/www.radiopresidenteibanez.cl\/web\/wp-json\/wp\/v2\/media?parent=16584"}],"wp:term":[{"taxonomy":"category","embeddable":true,"href":"https:\/\/www.radiopresidenteibanez.cl\/web\/wp-json\/wp\/v2\/categories?post=16584"},{"taxonomy":"post_tag","embeddable":true,"href":"https:\/\/www.radiopresidenteibanez.cl\/web\/wp-json\/wp\/v2\/tags?post=16584"}],"curies":[{"name":"wp","href":"https:\/\/api.w.org\/{rel}","templated":true}]}}