{"id":16580,"date":"2020-12-02T12:32:07","date_gmt":"2020-12-02T12:32:07","guid":{"rendered":"https:\/\/www.radiopresidenteibanez.cl\/web\/?p=16580"},"modified":"2020-12-02T12:32:14","modified_gmt":"2020-12-02T12:32:14","slug":"estudio-genetico-de-covid-19-ahora-busca-reclutar-voluntarios-asintomaticos-y-que-fueron-hospitalizados","status":"publish","type":"post","link":"https:\/\/www.radiopresidenteibanez.cl\/web\/estudio-genetico-de-covid-19-ahora-busca-reclutar-voluntarios-asintomaticos-y-que-fueron-hospitalizados\/","title":{"rendered":"ESTUDIO GEN\u00c9TICO DE COVID-19 AHORA BUSCA RECLUTAR VOLUNTARIOS ASINTOM\u00c1TICOS Y QUE FUERON HOSPITALIZADOS"},"content":{"rendered":"\n<p>\u201cEn Punta Arenas la primera campa\u00f1a fue muy exitosa por lo que ya hemos reclutado 300 voluntarios en dos meses de trabajo y agradecemos enormemente la generosidad de todas y todos los voluntarios. Ha sido una experiencia muy emotiva y llena de an\u00e9cdotas\u201d, sostiene la Dra. Yolanda Espinosa Parrilla del CADI UMAG, la investigadora principal en Magallanes del&nbsp;<em>\u201cEstudio de la variaci\u00f3n gen\u00e9tica a nivel de genoma para la susceptibilidad y la gravedad de COVID-19 en la poblaci\u00f3n chilena\u201d<\/em>, una de las 63&nbsp; investigaciones que, a finales de junio, el Ministerio de Ciencia, Tecnolog\u00eda, Conocimiento e Innovaci\u00f3n, a trav\u00e9s de la ANID, adjudic\u00f3 a la comunidad cient\u00edfica nacional para conocer m\u00e1s acerca del Coronavirus.<\/p>\n\n\n\n<p>Y apront\u00e1ndose a una segunda etapa, la especialista a\u00f1ade: \u201cAhora nos quedan dos meses m\u00e1s para reclutar 500 voluntarios\u2026 es un trabajo fara\u00f3nico pero estamos muy motivados y creemos que lo vamos a conseguir\u201d. De esta forma, la Dra. Espinosa hace hincapi\u00e9 en la convocatoria que les resta para cumplir con los objetivos del estudio, y a partir de la cual buscan captar, sobre todo, voluntarias y voluntarios asintom\u00e1ticos y que estuvieron hospitalizados. &nbsp;\u201cSer\u00eda fundamental reclutar asintom\u00e1ticos que nos pueden dar pistas sobre los factores gen\u00e9ticos que nos protegen a padecer la enfermedad en forma grave, as\u00ed como pacientes que estuvieron hospitalizados y que nos pueden ayudar a entender por qu\u00e9 la enfermedad a veces se presenta de una manera tan agresiva; tambi\u00e9n interesa much\u00edsimo reclutar a pacientes que han presentado la que se ha llamado \u201cniebla mental\u201d que se refiere a presentar problemas de confusi\u00f3n mental o fallos de memoria tras pasar COVID-19\u201d, enfatiza.<\/p>\n\n\n\n<p><strong>El estudio<\/strong><\/p>\n\n\n\n<p>El proyecto es liderado por el Dr. Ricardo Verdugo de la Universidad de Chile, y en \u00e9l participan investigadoras de la Universidad Austral de Chile, la Universidad de Antofagasta y la Universidad de Magallanes. La Dra. en Ciencias Biol\u00f3gicas Yolanda Espinosa Parrilla, profesora asociada de la Escuela de Medicina e investigadora del CADI-UMAG, dirije el estudio en una de las cinco macrozonas de estudio que contempla la investigaci\u00f3n: el territorio austral, para lo cual la Dra. Espinosa cuenta con su propio grupo de investigaci\u00f3n, el grupo GEMMa, en el Centro Asistencial Docente y de Investigaci\u00f3n (CAD\u00cd-UMAG).<\/p>\n\n\n\n<p>\u201cGen\u00f3mica Evolutiva y M\u00e9dica en Magallanes\u201d (GEMMa) est\u00e1 conformado por la tecn\u00f3loga m\u00e9dica Daniela Zapata, estudiante de Doctorado en Biolog\u00eda Molecular de la UMAG; por la tecn\u00f3loga m\u00e9dica Paula Zu\u00f1iga; la bioqu\u00edmica Magdalena Osorio y los TENS de laboratorio Oscar Gallardo y Paulina Vel\u00e1squez.&nbsp; El grupo, dirigido por la Dra. Espinosa, quien cuenta con amplia trayectoria en el campo de la gen\u00e9tica humana, realiza actualmente investigaciones en enfermedades prevalentes en la regi\u00f3n, como c\u00e1ncer g\u00e1strico y COVID-19, y son parte activa del Laboratorio de Medicina Molecular del CADI-UMAG.<\/p>\n\n\n\n<p>\u00bfCu\u00e1l es el objetivo del estudio?&nbsp; Dilucidar cuales son los factores gen\u00e9ticos que repercuten en el grado de severidad con que un paciente afronta esta enfermedad, incluyendo aquellos factores que hacen que algunas personas no enfermen pese a ser infectadas. Por ello, y tras una fase de preparaci\u00f3n, comenzaron, a mediados de septiembre, una campa\u00f1a de reclutamiento de voluntarios y voluntarias a nivel regional que puedan participar del estudio aportando antecedentes de c\u00f3mo cursaron la enfermedad y otros aspectos relacionados a su ancestr\u00eda, es decir su origen gen\u00e9tico.<\/p>\n\n\n\n<p>Loscriterios de inclusi\u00f3n&nbsp;es que sean personas mayores de edad,&nbsp;<strong>tanto asintom\u00e1ticos como sintom\u00e1ticos,<\/strong>&nbsp;que tengan un diagn\u00f3sticopositivo al virus -ya sea por&nbsp;PCR, serolog\u00eda o diagn\u00f3stico cl\u00ednico-y que residan en Chile. En este contexto, las y los interesados pueden contactar al equipo de Magallanes al correo electr\u00f3nico&nbsp;<a href=\"mailto:covid19hg@umag.cl\" target=\"_blank\" rel=\"noreferrer noopener\">covid19hg@umag.cl<\/a>&nbsp;o al whatsapp +56 976995446, as\u00ed como tambi\u00e9n a trav\u00e9s de las redes sociales del proyecto a en Instagram (@covid19hg), Twitter (@covid19hg_cl) y Facebook (<a href=\"http:\/\/facebook.com\/covid19hg\" target=\"_blank\" rel=\"noreferrer noopener\">facebook.com\/covid19hg<\/a>).<\/p>\n\n\n\n<p>La Dra. Espinosa a\u00f1ade que para extraer una muestra representativa de la diversidad gen\u00e9tica que caracteriza a la poblaci\u00f3n chilena, se analizar\u00e1n, en el per\u00edodo de un a\u00f1o, los genomas de 4 mil personas que han resultado positivas para COVID-19 de norte a sur de Chile, 800 en la regi\u00f3n de Magallanes, as\u00ed como su afectaci\u00f3n cl\u00ednica a trav\u00e9s de encuestas. \u201cEsto nos permitir\u00e1 \u2013acot\u00f3- conocer su gen\u00e9tica y el grado de severidad con que curs\u00f3 la enfermedad y posteriormente, encausar las acciones de resguardo, clasificando a la poblaci\u00f3n seg\u00fan riesgo e identificando potenciales objetivos terap\u00e9uticos, tanto para esta como para otras enfermedades virales\u201d.<\/p>\n\n\n\n<p>Adem\u00e1s, se\u00f1al\u00f3 que \u201cya somos parte del consorcio nacional ConTAC19 y del consorcio internacional COVID-19 hg, para el estudio de la infecci\u00f3n causada por el virus SARS-CoV-2 causante de COVID-19, ambos consorcios creados con el esp\u00edritu de compartir datos y resultados de forma abierta para la totalidad de la comunidad cient\u00edfica\u201d.<\/p>\n","protected":false},"excerpt":{"rendered":"<p>\u201cEn Punta Arenas la primera campa\u00f1a fue muy exitosa por lo que ya hemos reclutado 300 voluntarios en dos meses de trabajo y agradecemos enormemente la generosidad de todas y&#8230; <a class=\"read-more\" href=\"https:\/\/www.radiopresidenteibanez.cl\/web\/estudio-genetico-de-covid-19-ahora-busca-reclutar-voluntarios-asintomaticos-y-que-fueron-hospitalizados\/\">Leer m\u00e1s<\/a><\/p>\n","protected":false},"author":2,"featured_media":16581,"comment_status":"closed","ping_status":"closed","sticky":false,"template":"","format":"standard","meta":{"footnotes":""},"categories":[1],"tags":[],"class_list":["post-16580","post","type-post","status-publish","format-standard","has-post-thumbnail","hentry","category-cronica"],"_links":{"self":[{"href":"https:\/\/www.radiopresidenteibanez.cl\/web\/wp-json\/wp\/v2\/posts\/16580","targetHints":{"allow":["GET"]}}],"collection":[{"href":"https:\/\/www.radiopresidenteibanez.cl\/web\/wp-json\/wp\/v2\/posts"}],"about":[{"href":"https:\/\/www.radiopresidenteibanez.cl\/web\/wp-json\/wp\/v2\/types\/post"}],"author":[{"embeddable":true,"href":"https:\/\/www.radiopresidenteibanez.cl\/web\/wp-json\/wp\/v2\/users\/2"}],"replies":[{"embeddable":true,"href":"https:\/\/www.radiopresidenteibanez.cl\/web\/wp-json\/wp\/v2\/comments?post=16580"}],"version-history":[{"count":0,"href":"https:\/\/www.radiopresidenteibanez.cl\/web\/wp-json\/wp\/v2\/posts\/16580\/revisions"}],"wp:featuredmedia":[{"embeddable":true,"href":"https:\/\/www.radiopresidenteibanez.cl\/web\/wp-json\/wp\/v2\/media\/16581"}],"wp:attachment":[{"href":"https:\/\/www.radiopresidenteibanez.cl\/web\/wp-json\/wp\/v2\/media?parent=16580"}],"wp:term":[{"taxonomy":"category","embeddable":true,"href":"https:\/\/www.radiopresidenteibanez.cl\/web\/wp-json\/wp\/v2\/categories?post=16580"},{"taxonomy":"post_tag","embeddable":true,"href":"https:\/\/www.radiopresidenteibanez.cl\/web\/wp-json\/wp\/v2\/tags?post=16580"}],"curies":[{"name":"wp","href":"https:\/\/api.w.org\/{rel}","templated":true}]}}