{"id":16576,"date":"2020-12-01T18:06:57","date_gmt":"2020-12-01T18:06:57","guid":{"rendered":"https:\/\/www.radiopresidenteibanez.cl\/web\/?p=16576"},"modified":"2020-12-01T18:07:03","modified_gmt":"2020-12-01T18:07:03","slug":"senadora-goic-y-diputada-amar-piden-flexibilizar-mediadas-de-confinamiento-ante-prolongada-cuarentena-en-magallanes","status":"publish","type":"post","link":"https:\/\/www.radiopresidenteibanez.cl\/web\/senadora-goic-y-diputada-amar-piden-flexibilizar-mediadas-de-confinamiento-ante-prolongada-cuarentena-en-magallanes\/","title":{"rendered":"SENADORA GOIC Y DIPUTADA AMAR PIDEN FLEXIBILIZAR MEDIADAS DE CONFINAMIENTO ANTE PROLONGADA CUARENTENA EN MAGALLANES"},"content":{"rendered":"\n<p>Apertura de la actividad\necon\u00f3mica en diferentes rubros en las ciudades de Punta Arenas y de Puerto\nNatales, alargar el inicio del toque de queda, permitir visitas a los\ncementerios municipales y flexibilizar las medidas de confinamiento que hoy\nest\u00e1n viviendo los habitantes de nuestra regi\u00f3n, fueron algunos de los temas\nque abordaron las parlamentarias magall\u00e1nicas con el Ministro del Interior\nRodrigo Delgado. <\/p>\n\n\n\n<p>En el encuentro sostenido\nmediante plataforma virtual, participaron la intendenta regional Jennifer\nRojas, los alcaldes Claudio Radonich y Fernando Paredes, la subsecretaria de\nPrevenci\u00f3n del Delito Katherine Martorell y Rafael Araos, asesor del Ministerio\nde Salud, oportunidad en la cual las autoridades regionales expusieron al\ntitular del interior, la dif\u00edcil situaci\u00f3n que est\u00e1n enfrentando los habitantes\nde la regi\u00f3n ante la prolongada cuarenta que rige desde hace m\u00e1s de 100 d\u00edas.<\/p>\n\n\n\n<p>\u201cEsta prolongada cuarentena no\ns\u00f3lo est\u00e1 afectando a las personas por estar confinadas en sus casas, si no que\ntambi\u00e9n ha da\u00f1ado y est\u00e1 da\u00f1ando fuertemente la econom\u00eda regional, el rubro del\nturismo, la gastronom\u00eda, el comercio en general est\u00e1 sumida en una crisis que\ncuesta dimensionar, por lo tanto ministro es necesario que se tenga una mirada\nregional y flexibilizar las medidas que permitan activar algunos rubros, dar\nmayor movilidad de desplazamiento a las personas\u201d, entre otras medidas\u201d,\nexpres\u00f3 en parte la senadora Goic.<\/p>\n\n\n\n<p>Por su parte la diputada Sandra\nAmar apunt\u00f3, entre otros temas, al encierro de las personas y c\u00f3mo a ra\u00edz de la\npandemia, existen testimonios del deterioro de salud en las personas que lo est\u00e1n\nviviendo. <\/p>\n\n\n\n<p>\u201cLa gente ya est\u00e1 cansada y\nnecesita salir de sus hogares, necesitan caminar, tomar aire. Tenemos una\ncostanera donde el desplazamiento de las personas no es un peligro de contagios\npor un tema de espacios y distanciamiento social. Nadie se explica c\u00f3mo las\npersonas pueden ir a un supermercado y no puedan desplazarse en un lugar\nabierto y quiero dejar en claro en que no estamos en contra de medidas para\nevitar mayores contagios, pero creemos que se debe tener una mirada especial\npara Magallanes; el comercio menor o los emprendedores no resisten m\u00e1s\u201d, agreg\u00f3\nAmar. <\/p>\n\n\n\n<p>Tanto las parlamentarias como los\nalcaldes Radonich y Paredes, en su exposici\u00f3n ante el ministro del interior,\ncoincidieron en que, por ejemplo, est\u00e1 instaurado un toque de queda a partir de\nlas 20 horas, en una regi\u00f3n en donde se oscurece en esta \u00e9poca a las 23 horas,\npor lo que solicitaron ampliar el horario tal como ocurre en el resto de pa\u00eds.\nPor otra parte, coincidieron en revisar la prohibici\u00f3n del funcionamiento de\nlos cementerios, se\u00f1alando que no se entiende que lugares de gran afluencia de\np\u00fablico, como son los supermercados, bancos y otros, puedan funcionar, pero no\nun camposanto, al aire libre y con gran espacio de movilidad y poco contacto\nentre las personas.\n\n\n\nAl finalizar el encuentro, las autoridades\nnacionales encabezadas por el Ministro del Interior Rodrigo Delgado, se\ncomprometieron a revisar las solicitudes expuestas y que dentro de los pr\u00f3ximos\nd\u00edas entregaran una respuesta sobre las materias tratadas. \n\n\n\n<\/p>\n","protected":false},"excerpt":{"rendered":"<p>Apertura de la actividad econ\u00f3mica en diferentes rubros en las ciudades de Punta Arenas y de Puerto Natales, alargar el inicio del toque de queda, permitir visitas a los cementerios&#8230; <a class=\"read-more\" href=\"https:\/\/www.radiopresidenteibanez.cl\/web\/senadora-goic-y-diputada-amar-piden-flexibilizar-mediadas-de-confinamiento-ante-prolongada-cuarentena-en-magallanes\/\">Leer m\u00e1s<\/a><\/p>\n","protected":false},"author":2,"featured_media":16577,"comment_status":"closed","ping_status":"closed","sticky":false,"template":"","format":"standard","meta":{"footnotes":""},"categories":[1],"tags":[],"class_list":["post-16576","post","type-post","status-publish","format-standard","has-post-thumbnail","hentry","category-cronica"],"_links":{"self":[{"href":"https:\/\/www.radiopresidenteibanez.cl\/web\/wp-json\/wp\/v2\/posts\/16576","targetHints":{"allow":["GET"]}}],"collection":[{"href":"https:\/\/www.radiopresidenteibanez.cl\/web\/wp-json\/wp\/v2\/posts"}],"about":[{"href":"https:\/\/www.radiopresidenteibanez.cl\/web\/wp-json\/wp\/v2\/types\/post"}],"author":[{"embeddable":true,"href":"https:\/\/www.radiopresidenteibanez.cl\/web\/wp-json\/wp\/v2\/users\/2"}],"replies":[{"embeddable":true,"href":"https:\/\/www.radiopresidenteibanez.cl\/web\/wp-json\/wp\/v2\/comments?post=16576"}],"version-history":[{"count":0,"href":"https:\/\/www.radiopresidenteibanez.cl\/web\/wp-json\/wp\/v2\/posts\/16576\/revisions"}],"wp:featuredmedia":[{"embeddable":true,"href":"https:\/\/www.radiopresidenteibanez.cl\/web\/wp-json\/wp\/v2\/media\/16577"}],"wp:attachment":[{"href":"https:\/\/www.radiopresidenteibanez.cl\/web\/wp-json\/wp\/v2\/media?parent=16576"}],"wp:term":[{"taxonomy":"category","embeddable":true,"href":"https:\/\/www.radiopresidenteibanez.cl\/web\/wp-json\/wp\/v2\/categories?post=16576"},{"taxonomy":"post_tag","embeddable":true,"href":"https:\/\/www.radiopresidenteibanez.cl\/web\/wp-json\/wp\/v2\/tags?post=16576"}],"curies":[{"name":"wp","href":"https:\/\/api.w.org\/{rel}","templated":true}]}}