{"id":16573,"date":"2020-12-02T03:15:00","date_gmt":"2020-12-02T03:15:00","guid":{"rendered":"https:\/\/www.radiopresidenteibanez.cl\/web\/?p=16573"},"modified":"2020-12-01T18:05:29","modified_gmt":"2020-12-01T18:05:29","slug":"armada-de-chile-realizo-apertura-de-bases-antarticas-en-el-marco-de-la-comantar-2020-2021","status":"publish","type":"post","link":"https:\/\/www.radiopresidenteibanez.cl\/web\/armada-de-chile-realizo-apertura-de-bases-antarticas-en-el-marco-de-la-comantar-2020-2021\/","title":{"rendered":"ARMADA DE CHILE REALIZ\u00d3 APERTURA DE BASES ANT\u00c1RTICAS EN EL MARCO DE LA COMANTAR 2020 &#8211; 2021"},"content":{"rendered":"\n<p>El 26 de noviembre, se realiz\u00f3\nla activaci\u00f3n de la Capitan\u00eda de Puerto Bah\u00eda Para\u00edso, repartici\u00f3n Naval m\u00e1s\ncercana al Polo Sur, aproximadamente a 1.500 millas n\u00e1uticas de este, en el\ndespliegue de Unidades de la Campa\u00f1a Ant\u00e1rtica (COMANTAR) 2020-2021, la\ndotaci\u00f3n ha cumplido los estrictos protocolos establecidos para disminuir los\npotenciales vectores de Covid-19, entre ellos un proceso de cuarentena\noperativa, manteni\u00e9ndose aislados por 14 d\u00edas y, sumado a eso, ha realizado la\ntoma de ex\u00e1menes de PCR al inicio y fin de la cuarentena.<\/p>\n\n\n\n<p>La\ndotaci\u00f3n compuesta por 9 personas fue trasladada desde Santiago hasta Punta\nArenas, y luego a Bah\u00eda Fildes mediante vuelo de la Fuerza A\u00e9rea de Chile, para\nseguir hasta Bah\u00eda Para\u00edso, aproximadamente 200 millas n\u00e1uticas hacia el sur, por\nmedio del Transporte AP-41 \u201cAquiles\u201d, contando con el apoyo de toda su dotaci\u00f3n\ny el Curso de Guardiamarinas y Marineros del Crucero de Instrucci\u00f3n, para la\nfaena de descarga del material log\u00edstico necesario para permanecer durante el\npresente periodo estival.<\/p>\n\n\n\n<p>Esta\nrepartici\u00f3n, dependiente de la Gobernaci\u00f3n Mar\u00edtima Ant\u00e1rtica Chilena, opera\ndesde el 03 de diciembre de 1995, activ\u00e1ndose normalmente desde mediados del\nmes de noviembre hasta el mes de marzo del a\u00f1o siguiente, estando ubicada en\ndependencias de la Base Ant\u00e1rtica \u201cPresidente Gabriel Gonz\u00e1lez Videla\u201d.<\/p>\n\n\n\n<p>Realizando\ndurante la jornada del 26 de noviembre la ceremonia de izamiento del pabell\u00f3n y\ngallardete de mando de la Capitan\u00eda de Puerto Bah\u00eda Para\u00edso, creada por D.S.\n(M.) N\u00ba 020, de fecha 14 de febrero de 1996, cuyas funciones principales est\u00e1n\norientadas a salvaguardar la vida humana en el mar y la protecci\u00f3n del medio\nambiente acu\u00e1tico, adem\u00e1s de representar a Chile en la Ant\u00e1rtica.<\/p>\n\n\n\n<p>Las condiciones meteorol\u00f3gicas\nen el \u00e1rea, viento calma y despejado, permitieron materializar actividades de\napoyo en forma simult\u00e1nea, como la realizada mediante unidades aeronavales,\nespec\u00edficamente los helic\u00f3pteros navales N-44 y N-46, donde se desembarcaron a\ntrav\u00e9s de maniobra VERTREP 126 tambores de combustible para el sostenimiento\ndel sistema de operaci\u00f3n el\u00e9ctrica, la entrega de 25 metros c\u00fabicos por medio\nde botes de goma impulsados por personas de la Infanter\u00eda Marina y el traslado\nde v\u00edveres y materiales de construcci\u00f3n a trav\u00e9s de &nbsp;barcaza \u201cSk\u00faa\u201d. <\/p>\n","protected":false},"excerpt":{"rendered":"<p>El 26 de noviembre, se realiz\u00f3 la activaci\u00f3n de la Capitan\u00eda de Puerto Bah\u00eda Para\u00edso, repartici\u00f3n Naval m\u00e1s cercana al Polo Sur, aproximadamente a 1.500 millas n\u00e1uticas de este, en&#8230; <a class=\"read-more\" href=\"https:\/\/www.radiopresidenteibanez.cl\/web\/armada-de-chile-realizo-apertura-de-bases-antarticas-en-el-marco-de-la-comantar-2020-2021\/\">Leer m\u00e1s<\/a><\/p>\n","protected":false},"author":2,"featured_media":16574,"comment_status":"closed","ping_status":"closed","sticky":false,"template":"","format":"standard","meta":{"footnotes":""},"categories":[1],"tags":[],"class_list":["post-16573","post","type-post","status-publish","format-standard","has-post-thumbnail","hentry","category-cronica"],"_links":{"self":[{"href":"https:\/\/www.radiopresidenteibanez.cl\/web\/wp-json\/wp\/v2\/posts\/16573","targetHints":{"allow":["GET"]}}],"collection":[{"href":"https:\/\/www.radiopresidenteibanez.cl\/web\/wp-json\/wp\/v2\/posts"}],"about":[{"href":"https:\/\/www.radiopresidenteibanez.cl\/web\/wp-json\/wp\/v2\/types\/post"}],"author":[{"embeddable":true,"href":"https:\/\/www.radiopresidenteibanez.cl\/web\/wp-json\/wp\/v2\/users\/2"}],"replies":[{"embeddable":true,"href":"https:\/\/www.radiopresidenteibanez.cl\/web\/wp-json\/wp\/v2\/comments?post=16573"}],"version-history":[{"count":0,"href":"https:\/\/www.radiopresidenteibanez.cl\/web\/wp-json\/wp\/v2\/posts\/16573\/revisions"}],"wp:featuredmedia":[{"embeddable":true,"href":"https:\/\/www.radiopresidenteibanez.cl\/web\/wp-json\/wp\/v2\/media\/16574"}],"wp:attachment":[{"href":"https:\/\/www.radiopresidenteibanez.cl\/web\/wp-json\/wp\/v2\/media?parent=16573"}],"wp:term":[{"taxonomy":"category","embeddable":true,"href":"https:\/\/www.radiopresidenteibanez.cl\/web\/wp-json\/wp\/v2\/categories?post=16573"},{"taxonomy":"post_tag","embeddable":true,"href":"https:\/\/www.radiopresidenteibanez.cl\/web\/wp-json\/wp\/v2\/tags?post=16573"}],"curies":[{"name":"wp","href":"https:\/\/api.w.org\/{rel}","templated":true}]}}