{"id":16567,"date":"2020-12-02T02:30:00","date_gmt":"2020-12-02T02:30:00","guid":{"rendered":"https:\/\/www.radiopresidenteibanez.cl\/web\/?p=16567"},"modified":"2020-12-01T18:00:02","modified_gmt":"2020-12-01T18:00:02","slug":"asume-titular-del-medio-ambiente-de-la-region-de-magallanes-y-de-la-antartica-chilena","status":"publish","type":"post","link":"https:\/\/www.radiopresidenteibanez.cl\/web\/asume-titular-del-medio-ambiente-de-la-region-de-magallanes-y-de-la-antartica-chilena\/","title":{"rendered":"ASUME TITULAR DEL MEDIO AMBIENTE DE LA REGI\u00d3N DE MAGALLANES Y DE LA ANT\u00c1RTICA CHILENA"},"content":{"rendered":"\n<p>La Intendenta de la regi\u00f3n, Jenniffer Rojas,\npresent\u00f3 oficialmente al nuevo seremi del Medio Ambiente, Carlos Olave Solar,\nquien asume el cargo partir de este 1 de diciembre.<\/p>\n\n\n\n<p>\u201cHoy asume nuestro nuevo Seremi del Medio Ambiente, Carlos Olave, una\npersona con vasta experiencia, a la cual le damos una gran bienvenida a nuestro\nequipo regional. Es una persona que ha trabajado hace mucho tiempo como investigador\ny dar\u00e1 la relevancia que tiene para nuestro gobierno, el medio ambiente de\nMagallanes\u201d, indic\u00f3\nJenniffer Rojas, Intendenta de la regi\u00f3n.<\/p>\n\n\n\n<p>En este\ncontexto, el subsecretario del Medio Ambiente, Javier Naranjo, se\u00f1al\u00f3 que \u201cCarlos,\nes ingeniero agropecuario e investigador cient\u00edfico, y ha trabajado alrededor\nde 15 a\u00f1os vinculado a temas de recursos naturales, a la Ant\u00e1rtica y el medio\nambiente. Primero desde la educaci\u00f3n formal en la Universidad de Magallanes y,\nposteriormente, en Fundaci\u00f3n Cequa como investigador de Estudios Territoriales,\nadem\u00e1s de ser parte de diversas mesas de trabajo del sector p\u00fablico.\u201d<\/p>\n\n\n\n<p>La nueva autoridad es ingeniero agropecuario,\nM\u00e1ster en Tecnolog\u00edas de la Informaci\u00f3n Geogr\u00e1fica y Diplomado en Innovaci\u00f3n\npara la Competitividad. Se ha desempe\u00f1ado durante los \u00faltimos a\u00f1os como investigador\nde la L\u00ednea de Estudios Territoriales en el Centro de Estudios del Cuaternario\nFuego-Patagonia y Ant\u00e1rtica, fundaci\u00f3n en la que se mantuvo por 17 a\u00f1os. <\/p>\n\n\n\n<p>Ha sido evaluador externo de varios proyectos\nInnova\/Corfo, adem\u00e1s de integrante del Consejo de la Sociedad Civil (COSOC) de\nla Ilustre Municipalidad de Punta Arenas y del COSOC del Ministerio de Energ\u00eda.\nTambi\u00e9n docente de la Facultad de Ciencias de las Universidades de Magallanes y\nMayor, desde 2018 es integrante del Consejo Consultivo de Medio Ambiente de la\nSeremi del Medio Ambiente, del que fue presidente hasta el d\u00eda de ayer.<\/p>\n\n\n\n<p>Desde 2003, Carlos Olave, trabaj\u00f3 en diversas\ninvestigaciones en Fundaci\u00f3n Cequa, en la que se destacan trabajos como la\ndirecci\u00f3n del proyecto \u201cIncorporaci\u00f3n de tecnolog\u00edas de precisi\u00f3n para la\nestimaci\u00f3n de abundancia de guanacos en la regi\u00f3n de Magallanes y Ant\u00e1rtica\nChilena\u201d (2019), la&nbsp; participaci\u00f3n como investigador\nen los proyectos \u201cPropuestas de redise\u00f1o de senderos del Parque Nacional Torres\ndel Paine\u201d (2018) y el \u201cDesarrollo de una oferta tur\u00edstica segura para el\navistamiento de Pumas en el Parque Nacional Torres del Paine\u201d (2019). Durante\n2017 y 2018 trabaj\u00f3 como asesor para los Municipios de Torres del Paine y\nPuerto Natales para el proceso de declaratorio Zonas de Inter\u00e9s Tur\u00edstico (ZOIT),\ndestino Torres del Paine. Por otro lado, ha participado de numerosas\npublicaciones cient\u00edficas y congresos, relacionados con la tem\u00e1tica ambiental. <\/p>\n","protected":false},"excerpt":{"rendered":"<p>La Intendenta de la regi\u00f3n, Jenniffer Rojas, present\u00f3 oficialmente al nuevo seremi del Medio Ambiente, Carlos Olave Solar, quien asume el cargo partir de este 1 de diciembre. \u201cHoy asume&#8230; <a class=\"read-more\" href=\"https:\/\/www.radiopresidenteibanez.cl\/web\/asume-titular-del-medio-ambiente-de-la-region-de-magallanes-y-de-la-antartica-chilena\/\">Leer m\u00e1s<\/a><\/p>\n","protected":false},"author":2,"featured_media":16568,"comment_status":"closed","ping_status":"closed","sticky":false,"template":"","format":"standard","meta":{"footnotes":""},"categories":[1],"tags":[],"class_list":["post-16567","post","type-post","status-publish","format-standard","has-post-thumbnail","hentry","category-cronica"],"_links":{"self":[{"href":"https:\/\/www.radiopresidenteibanez.cl\/web\/wp-json\/wp\/v2\/posts\/16567","targetHints":{"allow":["GET"]}}],"collection":[{"href":"https:\/\/www.radiopresidenteibanez.cl\/web\/wp-json\/wp\/v2\/posts"}],"about":[{"href":"https:\/\/www.radiopresidenteibanez.cl\/web\/wp-json\/wp\/v2\/types\/post"}],"author":[{"embeddable":true,"href":"https:\/\/www.radiopresidenteibanez.cl\/web\/wp-json\/wp\/v2\/users\/2"}],"replies":[{"embeddable":true,"href":"https:\/\/www.radiopresidenteibanez.cl\/web\/wp-json\/wp\/v2\/comments?post=16567"}],"version-history":[{"count":0,"href":"https:\/\/www.radiopresidenteibanez.cl\/web\/wp-json\/wp\/v2\/posts\/16567\/revisions"}],"wp:featuredmedia":[{"embeddable":true,"href":"https:\/\/www.radiopresidenteibanez.cl\/web\/wp-json\/wp\/v2\/media\/16568"}],"wp:attachment":[{"href":"https:\/\/www.radiopresidenteibanez.cl\/web\/wp-json\/wp\/v2\/media?parent=16567"}],"wp:term":[{"taxonomy":"category","embeddable":true,"href":"https:\/\/www.radiopresidenteibanez.cl\/web\/wp-json\/wp\/v2\/categories?post=16567"},{"taxonomy":"post_tag","embeddable":true,"href":"https:\/\/www.radiopresidenteibanez.cl\/web\/wp-json\/wp\/v2\/tags?post=16567"}],"curies":[{"name":"wp","href":"https:\/\/api.w.org\/{rel}","templated":true}]}}