{"id":16561,"date":"2020-12-02T02:00:00","date_gmt":"2020-12-02T02:00:00","guid":{"rendered":"https:\/\/www.radiopresidenteibanez.cl\/web\/?p=16561"},"modified":"2020-12-01T17:54:14","modified_gmt":"2020-12-01T17:54:14","slug":"plataforma-web-entrega-consejos-y-estrategias-a-padres-para-que-apoyen-desarrollo-socioemocional-de-ninos-y-ninas","status":"publish","type":"post","link":"https:\/\/www.radiopresidenteibanez.cl\/web\/plataforma-web-entrega-consejos-y-estrategias-a-padres-para-que-apoyen-desarrollo-socioemocional-de-ninos-y-ninas\/","title":{"rendered":"PLATAFORMA WEB ENTREGA CONSEJOS Y ESTRATEGIAS A PADRES PARA QUE APOYEN DESARROLLO SOCIOEMOCIONAL DE NI\u00d1OS Y NI\u00d1AS"},"content":{"rendered":"\n<p><a>La pandemia causada por el Coronavirus no solo impact\u00f3 a los establecimientos educacionales, que debieron pasar de un formato presencial a uno a distancia en un periodo corto, sino tambi\u00e9n en las familias, donde los padres, madres y adultos responsables debieron asumir roles que nunca hab\u00edan tenido.<\/a><\/p>\n\n\n\n<p>Con el fin de apoyar el fortalecimiento de los aprendizajes socio emocionales, as\u00ed como el involucramiento de las familias en el desarrollo de habilidades de los ni\u00f1os y ni\u00f1as, el Ministerio de Educaci\u00f3n, la iniciativa Descubramos en Casa y la plataforma #AprendoEnCasa.org establecieron una alianza para generar y ofrecer a padres y adultos responsables consejos y estrategias pr\u00e1cticas, de manera muy l\u00fadica y did\u00e1ctica, en tem\u00e1ticas clave como el desarrollo de la autoestima, la parentalidad positiva, la solidaridad en tiempos de crisis, c\u00f3mo enfrentar emocionalmente el regreso a clases, entre otros \u00e1mbitos claves.<\/p>\n\n\n\n<p>\u201cEn el Ministerio de Educaci\u00f3n somos conscientes de que los padres, madres y apoderados son los primeros educadores de los ni\u00f1os y j\u00f3venes, especialmente en cuanto al desarrollo de competencias socioemocionales. Por ello, ponemos a disposici\u00f3n de ellos distintos recursos, tales como videos, gu\u00edas de apoyo, cuentos, entre otros, en un formato sencillo y accesible\u201d, explic\u00f3 el&nbsp;<strong>jefe de la Divisi\u00f3n de Educaci\u00f3n General del Ministerio de Educaci\u00f3n, Raimundo Larra\u00edn.<\/strong><\/p>\n\n\n\n<p>Descubramos en Casa es una iniciativa que re\u00fane esfuerzos desde la psicolog\u00eda, la educaci\u00f3n, la televisi\u00f3n y un grupo de organizaciones de la sociedad civil para disminuir las consecuencias en los aprendizajes de ni\u00f1os y ni\u00f1as por dejar de recibir educaci\u00f3n de forma presencial.&nbsp; A trav\u00e9s de c\u00e1psulas de 60 segundos, buscan entregar consejos \u00fatiles, cotidianos, ideas fuerza de acompa\u00f1amiento en aprendizajes de forma positiva, inclusiva y estimulante. Los mismos que se transmiten a trav\u00e9s de las principales cadenas de televisi\u00f3n.<\/p>\n\n\n\n<p>Por su parte, la plataforma latinoamericana #AprendoEnCasa.org, impulsada por la Universidad de Harvard en Chile con el apoyo de BHP Foundation, enriquece los videos con recursos educativos digitales para profundizar las distintas tem\u00e1ticas y entregar ideas y actividades para desarrollar dentro y fuera de la sala de clases. En plataforma colaboran m\u00e1s de 70 organizaciones con fines educativos, quienes pusieron a disposici\u00f3n de las comunidades escolares sus recursos digitales.<\/p>\n\n\n\n<p>Para el&nbsp;<strong>director de Descubramos En Casa, Alfredo Grez<\/strong>, uno de los grandes valores de esta iniciativa es el trabajo colectivo con miras al bienestar de los estudiantes: \u201cEl asegurar que todos los ni\u00f1os y ni\u00f1as tengan acceso a contenidos de calidad para seguir aprendiendo, implica abordar estrategias multiplataformas. Utilizar la TV abierta junto a Internet es una forma efectiva de lograrlo. Por eso es clave apoyar una campa\u00f1a inclusiva y creativa en este momento. El gran valor est\u00e1 en la capacidad colectiva de poner los mejores esfuerzos al servicio de la inclusi\u00f3n educativa por medio de soluciones innovadoras y creativas para asegurar los aprendizajes\u201d.<\/p>\n\n\n\n<p>Para acceder a los contenidos, ingrese&nbsp;<a href=\"http:\/\/convivenciaescolar.mineduc.cl\/descubramos-en-casa\/\" target=\"_blank\" rel=\"noreferrer noopener\">aqu\u00ed<\/a>.<\/p>\n","protected":false},"excerpt":{"rendered":"<p>La pandemia causada por el Coronavirus no solo impact\u00f3 a los establecimientos educacionales, que debieron pasar de un formato presencial a uno a distancia en un periodo corto, sino tambi\u00e9n&#8230; <a class=\"read-more\" href=\"https:\/\/www.radiopresidenteibanez.cl\/web\/plataforma-web-entrega-consejos-y-estrategias-a-padres-para-que-apoyen-desarrollo-socioemocional-de-ninos-y-ninas\/\">Leer m\u00e1s<\/a><\/p>\n","protected":false},"author":2,"featured_media":16562,"comment_status":"closed","ping_status":"closed","sticky":false,"template":"","format":"standard","meta":{"footnotes":""},"categories":[1],"tags":[],"class_list":["post-16561","post","type-post","status-publish","format-standard","has-post-thumbnail","hentry","category-cronica"],"_links":{"self":[{"href":"https:\/\/www.radiopresidenteibanez.cl\/web\/wp-json\/wp\/v2\/posts\/16561","targetHints":{"allow":["GET"]}}],"collection":[{"href":"https:\/\/www.radiopresidenteibanez.cl\/web\/wp-json\/wp\/v2\/posts"}],"about":[{"href":"https:\/\/www.radiopresidenteibanez.cl\/web\/wp-json\/wp\/v2\/types\/post"}],"author":[{"embeddable":true,"href":"https:\/\/www.radiopresidenteibanez.cl\/web\/wp-json\/wp\/v2\/users\/2"}],"replies":[{"embeddable":true,"href":"https:\/\/www.radiopresidenteibanez.cl\/web\/wp-json\/wp\/v2\/comments?post=16561"}],"version-history":[{"count":0,"href":"https:\/\/www.radiopresidenteibanez.cl\/web\/wp-json\/wp\/v2\/posts\/16561\/revisions"}],"wp:featuredmedia":[{"embeddable":true,"href":"https:\/\/www.radiopresidenteibanez.cl\/web\/wp-json\/wp\/v2\/media\/16562"}],"wp:attachment":[{"href":"https:\/\/www.radiopresidenteibanez.cl\/web\/wp-json\/wp\/v2\/media?parent=16561"}],"wp:term":[{"taxonomy":"category","embeddable":true,"href":"https:\/\/www.radiopresidenteibanez.cl\/web\/wp-json\/wp\/v2\/categories?post=16561"},{"taxonomy":"post_tag","embeddable":true,"href":"https:\/\/www.radiopresidenteibanez.cl\/web\/wp-json\/wp\/v2\/tags?post=16561"}],"curies":[{"name":"wp","href":"https:\/\/api.w.org\/{rel}","templated":true}]}}