{"id":16541,"date":"2020-12-01T13:45:00","date_gmt":"2020-12-01T13:45:00","guid":{"rendered":"https:\/\/www.radiopresidenteibanez.cl\/web\/?p=16541"},"modified":"2020-12-01T13:45:06","modified_gmt":"2020-12-01T13:45:06","slug":"los-primeros-dias-de-diciembre-se-inaugurara-las-letras-volumetricas-que-marcaran-el-nombre-de-porvenir","status":"publish","type":"post","link":"https:\/\/www.radiopresidenteibanez.cl\/web\/los-primeros-dias-de-diciembre-se-inaugurara-las-letras-volumetricas-que-marcaran-el-nombre-de-porvenir\/","title":{"rendered":"LOS PRIMEROS D\u00cdAS DE DICIEMBRE SE INAUGURAR\u00c1 LAS LETRAS VOLUM\u00c9TRICAS QUE MARCARAN EL NOMBRE DE PORVENIR"},"content":{"rendered":"\n<p>En el sector de la costanera de\nnuestra comuna se reanudaron los trabajos de un monumento conmemorativo de la\ncomuna de Porvenir.<\/p>\n\n\n\n<p>Se trata de letras de acero inoxidable\ncon el nombre de la capital de Tierra del Fuego, las que se pretenden inaugurar\nlos pr\u00f3ximos d\u00edas.<\/p>\n\n\n\n<p>Al respecto la alcaldesa Marisol\nAndrade C\u00e1rdenas, se\u00f1al\u00f3 que \u201ccuando se inicio la cuarentena en Porvenir,\ntuvimos que paralizar la obra de instalaci\u00f3n de estas letras volum\u00e9tricas, esto\nporque no se pod\u00eda ejecutar los trabajos y ahora como cambiamos de fase el\ncontratista retom\u00f3 nuevamente las obras y esperamos que los pr\u00f3ximos d\u00edas se\npueda culminar este proyecto que es tan esperando por los habitantes de la\ncomuna, donde queremos ver el nombre de Porvenir puesto en la costanera de\nnuestra ciudad\u201d.<\/p>\n\n\n\n<p>Agreg\u00f3 la jefa comunal, \u201cque este\nlugar se transformar\u00e1 en el punto de atracci\u00f3n en nuestra localidad, puesto que\n&nbsp;ser\u00e1n muchos los que tomaran esa fotograf\u00eda\ncon est\u00e1 nueva postal, as\u00ed que la verdad estamos muy contentos, porque adem\u00e1s\nva a traer alegr\u00eda especialmente porque ser\u00e1 un regalo navide\u00f1o para Porvenir, pero\ntambi\u00e9n es un aporte m\u00e1s para el desarrollo tur\u00edstico para cuando retomemos las\nactividades en forma normal, as\u00ed que contenta porque muy pronto se culminar\u00e1 este\nproyecto que es tan esperado por todos los porvenire\u00f1os y porvenire\u00f1as\u201d. <\/p>\n\n\n\n<p>El objetivo, es que en los primeros\nd\u00edas de diciembre las letras que marcaran el nombre de Porvenir sean\ninauguradas en la costanera de nuestra ciudad.<\/p>\n","protected":false},"excerpt":{"rendered":"<p>En el sector de la costanera de nuestra comuna se reanudaron los trabajos de un monumento conmemorativo de la comuna de Porvenir. Se trata de letras de acero inoxidable con&#8230; <a class=\"read-more\" href=\"https:\/\/www.radiopresidenteibanez.cl\/web\/los-primeros-dias-de-diciembre-se-inaugurara-las-letras-volumetricas-que-marcaran-el-nombre-de-porvenir\/\">Leer m\u00e1s<\/a><\/p>\n","protected":false},"author":2,"featured_media":16542,"comment_status":"closed","ping_status":"closed","sticky":false,"template":"","format":"standard","meta":{"footnotes":""},"categories":[1],"tags":[],"class_list":["post-16541","post","type-post","status-publish","format-standard","has-post-thumbnail","hentry","category-cronica"],"_links":{"self":[{"href":"https:\/\/www.radiopresidenteibanez.cl\/web\/wp-json\/wp\/v2\/posts\/16541","targetHints":{"allow":["GET"]}}],"collection":[{"href":"https:\/\/www.radiopresidenteibanez.cl\/web\/wp-json\/wp\/v2\/posts"}],"about":[{"href":"https:\/\/www.radiopresidenteibanez.cl\/web\/wp-json\/wp\/v2\/types\/post"}],"author":[{"embeddable":true,"href":"https:\/\/www.radiopresidenteibanez.cl\/web\/wp-json\/wp\/v2\/users\/2"}],"replies":[{"embeddable":true,"href":"https:\/\/www.radiopresidenteibanez.cl\/web\/wp-json\/wp\/v2\/comments?post=16541"}],"version-history":[{"count":0,"href":"https:\/\/www.radiopresidenteibanez.cl\/web\/wp-json\/wp\/v2\/posts\/16541\/revisions"}],"wp:featuredmedia":[{"embeddable":true,"href":"https:\/\/www.radiopresidenteibanez.cl\/web\/wp-json\/wp\/v2\/media\/16542"}],"wp:attachment":[{"href":"https:\/\/www.radiopresidenteibanez.cl\/web\/wp-json\/wp\/v2\/media?parent=16541"}],"wp:term":[{"taxonomy":"category","embeddable":true,"href":"https:\/\/www.radiopresidenteibanez.cl\/web\/wp-json\/wp\/v2\/categories?post=16541"},{"taxonomy":"post_tag","embeddable":true,"href":"https:\/\/www.radiopresidenteibanez.cl\/web\/wp-json\/wp\/v2\/tags?post=16541"}],"curies":[{"name":"wp","href":"https:\/\/api.w.org\/{rel}","templated":true}]}}