{"id":16537,"date":"2020-12-01T01:34:53","date_gmt":"2020-12-01T01:34:53","guid":{"rendered":"https:\/\/www.radiopresidenteibanez.cl\/web\/?p=16537"},"modified":"2020-12-01T01:34:58","modified_gmt":"2020-12-01T01:34:58","slug":"continuan-las-fiscalizaciones-a-empresas-para-reducir-riesgos-de-contagio-de-covid-19","status":"publish","type":"post","link":"https:\/\/www.radiopresidenteibanez.cl\/web\/continuan-las-fiscalizaciones-a-empresas-para-reducir-riesgos-de-contagio-de-covid-19\/","title":{"rendered":"CONTIN\u00daAN LAS FISCALIZACIONES A EMPRESAS PARA REDUCIR RIESGOS DE CONTAGIO DE COVID-19"},"content":{"rendered":"\n<p>Una nueva jornada de\nfiscalizaci\u00f3n se llev\u00f3 a cabo este lunes, donde la Direcci\u00f3n del Trabajo,\nSeremi de Salud, Seguridad P\u00fablica y PDI llegaron hasta la planta pesquera\nComtesa de Punta Arenas, que actualmente est\u00e1 dedicada al procesamiento de\ncentolla.<\/p>\n\n\n\n<p>Siguiendo con el plan especial\nque se est\u00e1 llevando adelante en Magallanes, y que tiene como prop\u00f3sito hacer\nel m\u00e1ximo esfuerzo en las pr\u00f3ximas dos semanas para reducir los \u00edndices de\ncontagio de Covid-19, reimpulsando las estrategias de b\u00fasqueda activa de casos,\naumento de trazabilidad y mayores fiscalizaciones a empresas, la tarde de este\nlunes se lleg\u00f3 a constatar el funcionamiento de la entidad ubicada en calle\nIndependencia, que est\u00e1 operativa con alrededor de 30 trabajadores. <\/p>\n\n\n\n<p>El operativo busc\u00f3 velar por el\ncumplimiento de los protocolos vigentes respecto a la seguridad sanitaria de\nlos trabajadores ante el Covid-19, respeto de las leyes laborales, y todo lo\nrelacionado al correcto funcionamiento de la empresa en contexto de pandemia. <\/p>\n\n\n\n<p>El jefe del programa Denuncia Seguro\nde la Subsecretar\u00eda de Prevenci\u00f3n del Delito, Sebasti\u00e1n Delm\u00e1s, manifest\u00f3 que\n\u201choy nos encontramos en una planta que procesa centolla, la ciudadan\u00eda ha hecho\nun pedido muy claro y notorio que quiere que se fiscalice a las empresa\ngrandes, medianas y peque\u00f1as. Hoy nos encontramos realizando esta fiscalizaci\u00f3n\nen conjunto con la Polic\u00eda de Investigaciones, la Direcci\u00f3n del Trabajo y\nequipos de la Seremi de Salud\u201d, recalcando que \u201cestamos coordinados con la\nintendenta Jenniffer Rojas y la encargada de Seguridad P\u00fablica, Pamela Flores,\ndonde lo que se busca es que las empresas no sean una fuente de contagio, un\nfoco de riesgo para los trabajadores ni para sus familias una vez que retornan\na sus casas\u201d. <\/p>\n\n\n\n<p>Por su parte, la coordinadora\nregional de Seguridad P\u00fablica, Pamela Flores, reiter\u00f3 que en la p\u00e1gina web <a href=\"http:\/\/www.denunciaseguro.cl\">www.denunciaseguro.cl<\/a> los trabajadores\npueden realizar denuncias de manera an\u00f3nima cuando su empleador no est\u00e9\ncumpliendo con las normas sanitarias o laborales. \u201cLo relevante es que las\npersonas puedan trabajar tranquilas, seguras, y que no sean objeto de contagio\nde Covid-19. Si reducimos los riesgos en el ambiente laboral, eso se replicar\u00e1\nen los hogares y as\u00ed podremos contribuir a salir lo antes posible de la\ncuarentena\u201d, afirm\u00f3 la autoridad regional. <\/p>\n\n\n\n<p>Este operativo se suma a lo\nrealizado el fin de semana en Zona Franca, y se continuar\u00e1 fiscalizando en\notros puntos de las ciudades de Punta Arenas y Natales. <\/p>\n","protected":false},"excerpt":{"rendered":"<p>Una nueva jornada de fiscalizaci\u00f3n se llev\u00f3 a cabo este lunes, donde la Direcci\u00f3n del Trabajo, Seremi de Salud, Seguridad P\u00fablica y PDI llegaron hasta la planta pesquera Comtesa de&#8230; <a class=\"read-more\" href=\"https:\/\/www.radiopresidenteibanez.cl\/web\/continuan-las-fiscalizaciones-a-empresas-para-reducir-riesgos-de-contagio-de-covid-19\/\">Leer m\u00e1s<\/a><\/p>\n","protected":false},"author":2,"featured_media":16538,"comment_status":"closed","ping_status":"closed","sticky":false,"template":"","format":"standard","meta":{"footnotes":""},"categories":[1],"tags":[],"class_list":["post-16537","post","type-post","status-publish","format-standard","has-post-thumbnail","hentry","category-cronica"],"_links":{"self":[{"href":"https:\/\/www.radiopresidenteibanez.cl\/web\/wp-json\/wp\/v2\/posts\/16537","targetHints":{"allow":["GET"]}}],"collection":[{"href":"https:\/\/www.radiopresidenteibanez.cl\/web\/wp-json\/wp\/v2\/posts"}],"about":[{"href":"https:\/\/www.radiopresidenteibanez.cl\/web\/wp-json\/wp\/v2\/types\/post"}],"author":[{"embeddable":true,"href":"https:\/\/www.radiopresidenteibanez.cl\/web\/wp-json\/wp\/v2\/users\/2"}],"replies":[{"embeddable":true,"href":"https:\/\/www.radiopresidenteibanez.cl\/web\/wp-json\/wp\/v2\/comments?post=16537"}],"version-history":[{"count":0,"href":"https:\/\/www.radiopresidenteibanez.cl\/web\/wp-json\/wp\/v2\/posts\/16537\/revisions"}],"wp:featuredmedia":[{"embeddable":true,"href":"https:\/\/www.radiopresidenteibanez.cl\/web\/wp-json\/wp\/v2\/media\/16538"}],"wp:attachment":[{"href":"https:\/\/www.radiopresidenteibanez.cl\/web\/wp-json\/wp\/v2\/media?parent=16537"}],"wp:term":[{"taxonomy":"category","embeddable":true,"href":"https:\/\/www.radiopresidenteibanez.cl\/web\/wp-json\/wp\/v2\/categories?post=16537"},{"taxonomy":"post_tag","embeddable":true,"href":"https:\/\/www.radiopresidenteibanez.cl\/web\/wp-json\/wp\/v2\/tags?post=16537"}],"curies":[{"name":"wp","href":"https:\/\/api.w.org\/{rel}","templated":true}]}}