{"id":16533,"date":"2020-11-30T19:02:35","date_gmt":"2020-11-30T19:02:35","guid":{"rendered":"https:\/\/www.radiopresidenteibanez.cl\/web\/?p=16533"},"modified":"2020-11-30T19:02:40","modified_gmt":"2020-11-30T19:02:40","slug":"mas-de-55-mil-magallanicos-recibiran-el-bono-covid-navidad","status":"publish","type":"post","link":"https:\/\/www.radiopresidenteibanez.cl\/web\/mas-de-55-mil-magallanicos-recibiran-el-bono-covid-navidad\/","title":{"rendered":"M\u00c1S DE 55 MIL MAGALL\u00c1NICOS RECIBIR\u00c1N EL \u201cBONO COVID NAVIDAD\u201d"},"content":{"rendered":"\n<p>La indicaci\u00f3n ingresada por el Presidente Sebasti\u00e1n Pi\u00f1era para entregar un importante aporte econ\u00f3mico durante el mes de diciembre a las familias chilenas fue aprobada con la Ley de Presupuestos 2021, despachada por la Sala del Senado el reciente s\u00e1bado 28 de noviembre, quedando en condiciones de ser promulgada Ley de la Rep\u00fablica.<\/p>\n\n\n\n<p>Esta ayuda tendr\u00e1 el nombre de \u201cBono Covid Navidad\u201d y consiste en un apoyo monetario directo que forma parte del conjunto de medidas reunidas en la Red de Protecci\u00f3n Social, implementada por el gobierno para ayudar a los hogares que vieron afectadas sus fuentes de ingresos por los efectos socioecon\u00f3micos de la pandemia.<\/p>\n\n\n\n<p>El beneficio se entregar\u00e1 autom\u00e1ticamente a las familias que recibieron el sexto pago del Ingreso Familiar de Emergencia (IFE) y el objetivo es comenzar a pagarlo a partir del 21 de diciembre para los hogares cuyo domicilio inscrito en el Registro Social de Hogares (RSH) hayan estado en fase 1 del plan Paso a Paso (cuarentena total) durante la semana del 24 al 30 de noviembre.<\/p>\n\n\n\n<p>El monto del Bono Covid Navidad ser\u00e1 de $55.000 por cada integrante, as\u00ed por ejemplo, una familia de 10 integrantes recibir\u00e1 $550.000. Este beneficio ser\u00e1 extensivo a 27 comunas entre las regiones del Biob\u00edo y Magallanes que han estado en paso 1 de cuarentena total, al menos un d\u00eda durante la \u00faltima semana de noviembre.<\/p>\n\n\n\n<p>Al respecto, la Ministra de Desarrollo Social y Familia, Karla Rubilar, destac\u00f3 que \u201cmientras no llegue la vacuna, tenemos que seguir apoyando a las familias que m\u00e1s lo requieren\u201d, puntualizando que \u201cestamos llegando a un 61% de hogares que no contaron con ingresos durante la pandemia, estamos llegando a un 57% de hogares que tiene una mujer jefa de hogar, estamos llegando a casi un 80% de hogares m\u00e1s vulnerables, y el 64% vive en regiones, por lo tanto no todo se est\u00e1 quedando en la Regi\u00f3n Metropolitana\u201d.<\/p>\n\n\n\n<p>La Seremi de Desarrollo Social de Magallanes y de la Ant\u00e1rtica Chilena, Liz Casanueva, se\u00f1al\u00f3 que \u201cel Bono Covid Navidad llegar\u00e1 a las 56.934 personas y 23.501 hogares de Magallanes que recibieron el 6\u00b0 pago del Ingreso Familiar de Emergencia. Con este aporte nuestro Gobierno est\u00e1 colaborando con 3.350.506 hogares de todo Chile, lo que involucra un costo de casi 300 millones de d\u00f3lares\u201d.<\/p>\n\n\n\n<p><strong>IFE rebrote<\/strong><\/p>\n\n\n\n<p>Asimismo, la titular nacional de Desarrollo Social y Familia indic\u00f3 que \u201csabemos que diciembre es un mes dif\u00edcil, pero no es el \u00fanico mes que nos queda, tambi\u00e9n enviamos un IFE de rebrote del 2021, que tambi\u00e9n se va a aprobar, porque tambi\u00e9n se lleg\u00f3 a acuerdo, y queremos poder beneficiar en caso de emergencia, en caso de que haya un rebrote a las familias que m\u00e1s lo necesitan. La indicaci\u00f3n lo que busca es pedir un permiso para que podamos activar el bot\u00f3n del Ingreso Familiar de Emergencia en caso de ser necesario, cuya cantidad, cobertura, localidades y territorialidad depender\u00e1 del momento que estemos enfrentando. Con esto queremos tener la oportunidad de tener a tiempo la ayuda social, la protecci\u00f3n social necesaria para todos y cada uno que lo requieran mientras dure la pandemia, por lo tanto, son dos buenas noticias\u201d.<\/p>\n\n\n\n<p>El pago podr\u00e1 extenderse por uno o m\u00e1s meses dependiendo de las restricciones sanitarias de cada comuna y de los efectos socioecon\u00f3micos en las familias.<\/p>\n","protected":false},"excerpt":{"rendered":"<p>La indicaci\u00f3n ingresada por el Presidente Sebasti\u00e1n Pi\u00f1era para entregar un importante aporte econ\u00f3mico durante el mes de diciembre a las familias chilenas fue aprobada con la Ley de Presupuestos&#8230; <a class=\"read-more\" href=\"https:\/\/www.radiopresidenteibanez.cl\/web\/mas-de-55-mil-magallanicos-recibiran-el-bono-covid-navidad\/\">Leer m\u00e1s<\/a><\/p>\n","protected":false},"author":2,"featured_media":16534,"comment_status":"closed","ping_status":"closed","sticky":false,"template":"","format":"standard","meta":{"footnotes":""},"categories":[1],"tags":[],"class_list":["post-16533","post","type-post","status-publish","format-standard","has-post-thumbnail","hentry","category-cronica"],"_links":{"self":[{"href":"https:\/\/www.radiopresidenteibanez.cl\/web\/wp-json\/wp\/v2\/posts\/16533","targetHints":{"allow":["GET"]}}],"collection":[{"href":"https:\/\/www.radiopresidenteibanez.cl\/web\/wp-json\/wp\/v2\/posts"}],"about":[{"href":"https:\/\/www.radiopresidenteibanez.cl\/web\/wp-json\/wp\/v2\/types\/post"}],"author":[{"embeddable":true,"href":"https:\/\/www.radiopresidenteibanez.cl\/web\/wp-json\/wp\/v2\/users\/2"}],"replies":[{"embeddable":true,"href":"https:\/\/www.radiopresidenteibanez.cl\/web\/wp-json\/wp\/v2\/comments?post=16533"}],"version-history":[{"count":0,"href":"https:\/\/www.radiopresidenteibanez.cl\/web\/wp-json\/wp\/v2\/posts\/16533\/revisions"}],"wp:featuredmedia":[{"embeddable":true,"href":"https:\/\/www.radiopresidenteibanez.cl\/web\/wp-json\/wp\/v2\/media\/16534"}],"wp:attachment":[{"href":"https:\/\/www.radiopresidenteibanez.cl\/web\/wp-json\/wp\/v2\/media?parent=16533"}],"wp:term":[{"taxonomy":"category","embeddable":true,"href":"https:\/\/www.radiopresidenteibanez.cl\/web\/wp-json\/wp\/v2\/categories?post=16533"},{"taxonomy":"post_tag","embeddable":true,"href":"https:\/\/www.radiopresidenteibanez.cl\/web\/wp-json\/wp\/v2\/tags?post=16533"}],"curies":[{"name":"wp","href":"https:\/\/api.w.org\/{rel}","templated":true}]}}