{"id":16529,"date":"2020-11-30T17:16:03","date_gmt":"2020-11-30T17:16:03","guid":{"rendered":"https:\/\/www.radiopresidenteibanez.cl\/web\/?p=16529"},"modified":"2020-11-30T17:16:13","modified_gmt":"2020-11-30T17:16:13","slug":"se-inauguro-la-base-de-brigada-mas-austral-del-mundo-en-la-tarea-de-prevenir-y-combatir-incendios-forestales","status":"publish","type":"post","link":"https:\/\/www.radiopresidenteibanez.cl\/web\/se-inauguro-la-base-de-brigada-mas-austral-del-mundo-en-la-tarea-de-prevenir-y-combatir-incendios-forestales\/","title":{"rendered":"SE INAUGUR\u00d3 LA BASE DE BRIGADA M\u00c1S AUSTRAL DEL MUNDO EN LA TAREA DE PREVENIR Y COMBATIR INCENDIOS FORESTALES"},"content":{"rendered":"\n<p>Fruto de un convenio entre la Municipalidad de Cabo de Hornos y la Corporaci\u00f3n Nacional Forestal CONAF en Magallanes, desde el pasado jueves la comuna de Cabo de Hornos cuenta con una Base de Brigada para la tarea de prevenci\u00f3n y combate de incendios forestales de toda la provincia Ant\u00e1rtica.<\/p>\n\n\n\n<p>Se trata de un inmueble propiedad de la Municipalidad de Cabo de Hornos y que se ubica a los pies del ic\u00f3nico Cerro Bandera en Puerto Williams, el cual durante este a\u00f1o fue ampliado&nbsp; gracias a un proyecto&nbsp; financiado por el gobierno regional y que el propio municipio decidi\u00f3 su uso para la brigada Lenga 12 de CONAF en conjunto con su oficina de turismo.<\/p>\n\n\n\n<p>El jueves pasado se realiz\u00f3 el acto oficial de inauguraci\u00f3n de la nueva Base de Brigada, donde el Alcalde de la comuna, Patricio Fern\u00e1ndez y el Jefe de la Oficina CONAF en Cabo de Hornos, Giovanny Serey, firmaron el convenio que entrega en comodato el inmueble para, luego, proceder al corte de cinta que simb\u00f3licamente inaugura las dependencias que ocupar\u00e1n para sus operaciones la brigada Lenga 12 en su labor preventiva.<\/p>\n\n\n\n<p>\u201cHoy d\u00eda estamos contribuyendo a la sociedad local con una mejor capacidad e infraestructura donde adem\u00e1s de la labor de CONAF y &nbsp;la oficina local de turismo se pueda orientar a los turistas que quieran acceder al Cerro Bandera o la ruta 10 de Navarino\u201d se\u00f1al\u00f3 el alcalde de la comuna, Patricio Fern\u00e1ndez.<\/p>\n\n\n\n<p>Por su parte, el Gobernador de provincia Ant\u00e1rtica, Nelson C\u00e1rcamo destac\u00f3 la labor de CONAF en la zona:<\/p>\n\n\n\n<p>\u201cQueremos garantizar este marco natural y para eso ha habido un trabajo muy esmerado de CONAF que nos deja muy tranquilos, porque hay un grupo humano que va poder actuar en caso de adversidad. Lo ideal es que no ocurra pero con esta brigada Lenga 12 nos permite actuar con confianza ante lo impredecible\u201d<\/p>\n\n\n\n<p><strong>Brigada Lenga 12, la m\u00e1s autral del mundo<\/strong><\/p>\n\n\n\n<p>El a\u00f1o 2019, CONAF implement\u00f3 en la provincia Ant\u00e1rtica, la brigada Lenga 12, considerada la m\u00e1s austral del mundo, la cual complementa las labores de prevenci\u00f3n de incendios forestales que realiza CONAF en la provincia Ant\u00e1rtica, as\u00ed como tambi\u00e9n el apoyo en el combate de incendios forestales que era realizado&nbsp; por brigadistas de la Armada de Chile dirigidos por la Corporaci\u00f3n.<\/p>\n\n\n\n<p>Con su base de operaciones en Puerto Williams, Lenga 12 responde a la relevancia que el territorio austral ha ido adquiriendo en cu\u00e1nto a \u00e1reas silvestres protegidas como&nbsp; los parques nacionales Yendegaia y Cabo de Hornos, as\u00ed como tambi\u00e9n el aumento de visitantes en el sector de Navarino, lo cual lleva consigo el riesgo en el incremento de los incendios forestales.<\/p>\n\n\n\n<p>Este a\u00f1o, la Brigada Lenga 12 se encuentra integrada por 8 personas, seis brigadistas, una asistente de control, un encargado de prevenci\u00f3n y un jefe de brigada, a cargo del Jefe de \u00c1rea en Cabo de Hornos, Giovanny Serey, qui\u00e9n se\u00f1ala las expectativas de la instituci\u00f3n al poder contar con estas nuevas dependencias y su contribuci\u00f3n al trabajo que realiza en la provincia Ant\u00e1rtica:<\/p>\n\n\n\n<p>\u201cNuestras expectativas son altas porque este es el principal punto de acceso al trekking&nbsp; Dientes de Navarino y de cierta forma es el coraz\u00f3n del turismo en la zona, por lo que&nbsp;&nbsp; educar a la gente que va a realizar estas rutas y acampar nos va a permitir realizar un mejor trabajo en materia de prevenci\u00f3n de incendios forestales\u201d<\/p>\n\n\n\n<p>Por su parte, Mar\u00eda Jos\u00e9 Cordero, ciudadana venezolana que reside hace tres a\u00f1os en Puerto Williams, se enter\u00f3 por redes sociales del llamado de CONAF para integrar la brigada Lenga 12 por lo cual decidi\u00f3 postular :<\/p>\n\n\n\n<p>\u201cContenta y satisfecha de integrar la brigada Lenga 12 ya que no hab\u00eda tenido oportunidad de aprovechar la naturaleza y aprender lo m\u00e1s que se pueda y en este poco tiempo que integro la brigada he aprendido mucho sobre la vegetaci\u00f3n de esta zona\u201d<\/p>\n","protected":false},"excerpt":{"rendered":"<p>Fruto de un convenio entre la Municipalidad de Cabo de Hornos y la Corporaci\u00f3n Nacional Forestal CONAF en Magallanes, desde el pasado jueves la comuna de Cabo de Hornos cuenta&#8230; <a class=\"read-more\" href=\"https:\/\/www.radiopresidenteibanez.cl\/web\/se-inauguro-la-base-de-brigada-mas-austral-del-mundo-en-la-tarea-de-prevenir-y-combatir-incendios-forestales\/\">Leer m\u00e1s<\/a><\/p>\n","protected":false},"author":2,"featured_media":16530,"comment_status":"closed","ping_status":"closed","sticky":false,"template":"","format":"standard","meta":{"footnotes":""},"categories":[1],"tags":[],"class_list":["post-16529","post","type-post","status-publish","format-standard","has-post-thumbnail","hentry","category-cronica"],"_links":{"self":[{"href":"https:\/\/www.radiopresidenteibanez.cl\/web\/wp-json\/wp\/v2\/posts\/16529","targetHints":{"allow":["GET"]}}],"collection":[{"href":"https:\/\/www.radiopresidenteibanez.cl\/web\/wp-json\/wp\/v2\/posts"}],"about":[{"href":"https:\/\/www.radiopresidenteibanez.cl\/web\/wp-json\/wp\/v2\/types\/post"}],"author":[{"embeddable":true,"href":"https:\/\/www.radiopresidenteibanez.cl\/web\/wp-json\/wp\/v2\/users\/2"}],"replies":[{"embeddable":true,"href":"https:\/\/www.radiopresidenteibanez.cl\/web\/wp-json\/wp\/v2\/comments?post=16529"}],"version-history":[{"count":0,"href":"https:\/\/www.radiopresidenteibanez.cl\/web\/wp-json\/wp\/v2\/posts\/16529\/revisions"}],"wp:featuredmedia":[{"embeddable":true,"href":"https:\/\/www.radiopresidenteibanez.cl\/web\/wp-json\/wp\/v2\/media\/16530"}],"wp:attachment":[{"href":"https:\/\/www.radiopresidenteibanez.cl\/web\/wp-json\/wp\/v2\/media?parent=16529"}],"wp:term":[{"taxonomy":"category","embeddable":true,"href":"https:\/\/www.radiopresidenteibanez.cl\/web\/wp-json\/wp\/v2\/categories?post=16529"},{"taxonomy":"post_tag","embeddable":true,"href":"https:\/\/www.radiopresidenteibanez.cl\/web\/wp-json\/wp\/v2\/tags?post=16529"}],"curies":[{"name":"wp","href":"https:\/\/api.w.org\/{rel}","templated":true}]}}