{"id":16523,"date":"2020-11-30T17:11:02","date_gmt":"2020-11-30T17:11:02","guid":{"rendered":"https:\/\/www.radiopresidenteibanez.cl\/web\/?p=16523"},"modified":"2020-11-30T17:11:07","modified_gmt":"2020-11-30T17:11:07","slug":"aguas-magallanes-informa-corte-de-emergencia-provocado-por-trabajos-de-constructora","status":"publish","type":"post","link":"https:\/\/www.radiopresidenteibanez.cl\/web\/aguas-magallanes-informa-corte-de-emergencia-provocado-por-trabajos-de-constructora\/","title":{"rendered":"AGUAS MAGALLANES INFORMA CORTE DE EMERGENCIA PROVOCADO POR TRABAJOS DE CONSTRUCTORA"},"content":{"rendered":"\n<p>Aguas Magallanes inform\u00f3 que en horas de esta ma\u00f1ana se produjo una importante rotura de matriz,&nbsp; producto de trabajos realizados por empresa constructora ajena a la sanitaria, en calle Fagnano a la altura de Mateo de Toro y Zambrano, afectando con turbiedad y baja presi\u00f3n.<\/p>\n\n\n\n<p>Aguas Magallanes inform\u00f3 que mientras se ejecuten los trabajos de reparaci\u00f3n se realizar\u00e1 un corte de emergencia que se prolongar\u00eda hasta las 23:00 hrs., en el cuadrante comprendido aproximadamente entre calle Angamos a Tres Puentes y de Avenida Frei a Playa, afectando alrededor de 10 mil clientes. Otros sectores tambi\u00e9n se pueden ver afectados de manera moment\u00e1nea durante la ejecuci\u00f3n de las maniobras por efecto de la alta demanda de la rotura. La empresa continuar\u00e1 informando a trav\u00e9s de sus canales oficiales y medios de comunicaci\u00f3n, sobre la evoluci\u00f3n de este lamentable incidente.&#8211;\n\n<\/p>\n","protected":false},"excerpt":{"rendered":"<p>Aguas Magallanes inform\u00f3 que en horas de esta ma\u00f1ana se produjo una importante rotura de matriz,&nbsp; producto de trabajos realizados por empresa constructora ajena a la sanitaria, en calle Fagnano&#8230; <a class=\"read-more\" href=\"https:\/\/www.radiopresidenteibanez.cl\/web\/aguas-magallanes-informa-corte-de-emergencia-provocado-por-trabajos-de-constructora\/\">Leer m\u00e1s<\/a><\/p>\n","protected":false},"author":2,"featured_media":16524,"comment_status":"closed","ping_status":"closed","sticky":false,"template":"","format":"standard","meta":{"footnotes":""},"categories":[1],"tags":[],"class_list":["post-16523","post","type-post","status-publish","format-standard","has-post-thumbnail","hentry","category-cronica"],"_links":{"self":[{"href":"https:\/\/www.radiopresidenteibanez.cl\/web\/wp-json\/wp\/v2\/posts\/16523","targetHints":{"allow":["GET"]}}],"collection":[{"href":"https:\/\/www.radiopresidenteibanez.cl\/web\/wp-json\/wp\/v2\/posts"}],"about":[{"href":"https:\/\/www.radiopresidenteibanez.cl\/web\/wp-json\/wp\/v2\/types\/post"}],"author":[{"embeddable":true,"href":"https:\/\/www.radiopresidenteibanez.cl\/web\/wp-json\/wp\/v2\/users\/2"}],"replies":[{"embeddable":true,"href":"https:\/\/www.radiopresidenteibanez.cl\/web\/wp-json\/wp\/v2\/comments?post=16523"}],"version-history":[{"count":0,"href":"https:\/\/www.radiopresidenteibanez.cl\/web\/wp-json\/wp\/v2\/posts\/16523\/revisions"}],"wp:featuredmedia":[{"embeddable":true,"href":"https:\/\/www.radiopresidenteibanez.cl\/web\/wp-json\/wp\/v2\/media\/16524"}],"wp:attachment":[{"href":"https:\/\/www.radiopresidenteibanez.cl\/web\/wp-json\/wp\/v2\/media?parent=16523"}],"wp:term":[{"taxonomy":"category","embeddable":true,"href":"https:\/\/www.radiopresidenteibanez.cl\/web\/wp-json\/wp\/v2\/categories?post=16523"},{"taxonomy":"post_tag","embeddable":true,"href":"https:\/\/www.radiopresidenteibanez.cl\/web\/wp-json\/wp\/v2\/tags?post=16523"}],"curies":[{"name":"wp","href":"https:\/\/api.w.org\/{rel}","templated":true}]}}