{"id":16520,"date":"2020-11-30T17:08:14","date_gmt":"2020-11-30T17:08:14","guid":{"rendered":"https:\/\/www.radiopresidenteibanez.cl\/web\/?p=16520"},"modified":"2020-11-30T17:08:20","modified_gmt":"2020-11-30T17:08:20","slug":"senadis-financiara-innovador-programa-piloto-de-atencion-temprana-en-natales","status":"publish","type":"post","link":"https:\/\/www.radiopresidenteibanez.cl\/web\/senadis-financiara-innovador-programa-piloto-de-atencion-temprana-en-natales\/","title":{"rendered":"SENADIS FINANCIAR\u00c1 INNOVADOR PROGRAMA PILOTO DE ATENCI\u00d3N TEMPRANA EN NATALES"},"content":{"rendered":"\n<p>Con una suma de $59.892.860, el Servicio Nacional de la Discapacidad (SENADIS) financiar\u00e1 en la comuna de Natales uno de los 6 programas pilotos que se ejecutar\u00e1n en el pa\u00eds, con el objetivo de contribuir en la inclusi\u00f3n social y equiparar las oportunidades de ni\u00f1os y ni\u00f1as con discapacidad.<\/p>\n\n\n\n<p>El programa piloto atender\u00e1 las necesidades de ni\u00f1os y ni\u00f1as con discapacidad mediante la incorporaci\u00f3n de tres profesionales con dedicaci\u00f3n exclusiva, a trav\u00e9s de las cuales el municipio ofrecer\u00e1 asesor\u00eda t\u00e9cnica para el fortalecimiento de pr\u00e1cticas inclusivas, brindar\u00e1 apoyo para la transici\u00f3n educativa, la coordinaci\u00f3n y desarrollo de acciones intersectoriales y apoyo a las familias.<\/p>\n\n\n\n<p>La Seremi de Desarrollo Social y Familia, Liz Casanueva, se\u00f1al\u00f3 que \u201cel objetivo es construir una red integral y que este equipo preste asesor\u00eda y asistencia t\u00e9cnica, instalando competencias en todos los organismos involucrados que favorezcan la inclusi\u00f3n de ni\u00f1os y ni\u00f1as, en especial aquellos que presentan rezagos en el desarrollo\u201d.<\/p>\n\n\n\n<p>El Alcalde de Natales, Fernando Paredes, en atenci\u00f3n a la adjudicaci\u00f3n manifest\u00f3 que \u201cabrimos las esperanzas para que a trav\u00e9s de este programa podamos preocuparnos de la inclusi\u00f3n social y oportunidades para los ni\u00f1os y ni\u00f1as con discapacidad a trav\u00e9s de las distintas l\u00edneas de apoyo y que ser\u00e1 de gran aporte para nuestra comunidad en las \u00e1reas de salud, educaci\u00f3n y el \u00e1mbito social\u201d.<\/p>\n\n\n\n<p>Finalmente el Director Regional de SENADIS, Iv\u00e1n Gonz\u00e1lez, indic\u00f3 estar satisfecho por lograr que uno de los 6 pilotos se quedara en la regi\u00f3n. \u201cTenemos la confianza que esta iniciativa permitir\u00e1 apoyar el desarrollo y potencial de ni\u00f1os y ni\u00f1as con discapacidad de manera integral en la comuna, convirti\u00e9ndose en un apoyo in\u00e9dito para sus familias\u201d, afirm\u00f3.<\/p>\n\n\n\n<p>El Programa de Atenci\u00f3n Temprana de SENADIS busca reducir las barreras de inclusi\u00f3n social y educativa de ni\u00f1os y ni\u00f1as de 0 a 6 a\u00f1os con discapacidad y\/o rezago del desarrollo que asisten a establecimientos de Educaci\u00f3n Parvularia y que reciben subvenci\u00f3n o financiamiento del Estado.<\/p>\n\n\n\n<p>Este programa se viene implementando hace siete a\u00f1os en la regi\u00f3n, a trav\u00e9s de la Junta Nacional de Jardines Infantiles (JUNJI) y la Fundaci\u00f3n Integra, sin embargo, para este a\u00f1o, su ejecuci\u00f3n se formul\u00f3 en seis pilotos para el pa\u00eds.<\/p>\n","protected":false},"excerpt":{"rendered":"<p>Con una suma de $59.892.860, el Servicio Nacional de la Discapacidad (SENADIS) financiar\u00e1 en la comuna de Natales uno de los 6 programas pilotos que se ejecutar\u00e1n en el pa\u00eds,&#8230; <a class=\"read-more\" href=\"https:\/\/www.radiopresidenteibanez.cl\/web\/senadis-financiara-innovador-programa-piloto-de-atencion-temprana-en-natales\/\">Leer m\u00e1s<\/a><\/p>\n","protected":false},"author":2,"featured_media":16521,"comment_status":"closed","ping_status":"closed","sticky":false,"template":"","format":"standard","meta":{"footnotes":""},"categories":[1],"tags":[],"class_list":["post-16520","post","type-post","status-publish","format-standard","has-post-thumbnail","hentry","category-cronica"],"_links":{"self":[{"href":"https:\/\/www.radiopresidenteibanez.cl\/web\/wp-json\/wp\/v2\/posts\/16520","targetHints":{"allow":["GET"]}}],"collection":[{"href":"https:\/\/www.radiopresidenteibanez.cl\/web\/wp-json\/wp\/v2\/posts"}],"about":[{"href":"https:\/\/www.radiopresidenteibanez.cl\/web\/wp-json\/wp\/v2\/types\/post"}],"author":[{"embeddable":true,"href":"https:\/\/www.radiopresidenteibanez.cl\/web\/wp-json\/wp\/v2\/users\/2"}],"replies":[{"embeddable":true,"href":"https:\/\/www.radiopresidenteibanez.cl\/web\/wp-json\/wp\/v2\/comments?post=16520"}],"version-history":[{"count":0,"href":"https:\/\/www.radiopresidenteibanez.cl\/web\/wp-json\/wp\/v2\/posts\/16520\/revisions"}],"wp:featuredmedia":[{"embeddable":true,"href":"https:\/\/www.radiopresidenteibanez.cl\/web\/wp-json\/wp\/v2\/media\/16521"}],"wp:attachment":[{"href":"https:\/\/www.radiopresidenteibanez.cl\/web\/wp-json\/wp\/v2\/media?parent=16520"}],"wp:term":[{"taxonomy":"category","embeddable":true,"href":"https:\/\/www.radiopresidenteibanez.cl\/web\/wp-json\/wp\/v2\/categories?post=16520"},{"taxonomy":"post_tag","embeddable":true,"href":"https:\/\/www.radiopresidenteibanez.cl\/web\/wp-json\/wp\/v2\/tags?post=16520"}],"curies":[{"name":"wp","href":"https:\/\/api.w.org\/{rel}","templated":true}]}}