{"id":16518,"date":"2020-11-30T17:05:02","date_gmt":"2020-11-30T17:05:02","guid":{"rendered":"https:\/\/www.radiopresidenteibanez.cl\/web\/?p=16518"},"modified":"2020-11-30T17:05:09","modified_gmt":"2020-11-30T17:05:09","slug":"un-paso-mas-a-la-region-queremos-por-ernesto-sepulveda-tornero","status":"publish","type":"post","link":"https:\/\/www.radiopresidenteibanez.cl\/web\/un-paso-mas-a-la-region-queremos-por-ernesto-sepulveda-tornero\/","title":{"rendered":"UN PASO MAS A LA REGION QUEREMOS por Ernesto Sep\u00falveda Tornero"},"content":{"rendered":"\n<p>&nbsp; Un poco mas de una\nhora y media, despu\u00e9s del cierre de las mesas de votaci\u00f3n, ya se conoc\u00eda en\nMagallanes el resultado de la totalidad de las mesas. Como en anteriores\nocasiones, una votaci\u00f3n ejemplar. Casi siete mil personas votaron en la regi\u00f3n,\npese a que estamos en cuarentena, y con altos niveles de positividad. S\u00f3lo\nvotaban en esta los independientes y los partidos de centro izquierda. No\nvotaba ni los partidos de gobierno, ni los del Frente amplio ni los\ncomunistas.&nbsp; La \u00fanica elecci\u00f3n parecida,\nes la consulta ciudadana que hicimos en Punta Arenas, en 2016 para zanjar el\ncandidato a alcalde. Tambi\u00e9n voluntaria, sin cuarentena, ni restricciones de\nninguna especie, y votaron 5 mil personas. <\/p>\n\n\n\n<p>&nbsp;&nbsp;&nbsp;&nbsp;&nbsp;&nbsp;&nbsp;&nbsp;&nbsp;&nbsp;&nbsp; El resultado\nfue un holgado triunfo para el candidato independiente Jorge Fl\u00edes A\u00f1\u00f3n. &nbsp;El doctor Fl\u00edes, consolida su liderazgo sobre\nun amplio espectro de ciudadanos, y se perfila como el &nbsp;&nbsp;candidato m\u00e1s fuerte, con miras a abril de\n2021.&nbsp; El proyecto de la \u201cRegi\u00f3n que\nqueremos\u201d, evoca lo que fuera el eslogan del Plan de zonas extremas. La regi\u00f3n\nque quiero. Este es un proyecto de convocatoria amplia, al que se han unido\nvecinos de todas las comunas de la regi\u00f3n, a\u00fan de las localidades m\u00e1s\ndistantes.&nbsp; La tarea que se inicia ahora,\nes de construir con participaci\u00f3n en todo el territorio, lo que ser\u00e1 un plan de\ndesarrollo para los pr\u00f3ximos a\u00f1os.<\/p>\n\n\n\n<p>&nbsp;&nbsp;&nbsp;&nbsp;&nbsp;&nbsp;&nbsp;&nbsp;&nbsp;&nbsp;&nbsp; Estamos\nviviendo tiempos muy estimulantes. Ad portas de la elecci\u00f3n del gobernador\nregional de Magallanes, coincidir\u00e1 con la elecci\u00f3n de constituyentes y elecci\u00f3n\nde alcaldes. Ser\u00e1 la oportunidad de generar una pr\u00e1ctica, de participaci\u00f3n mas\nconcreta.&nbsp; Ser\u00e1n los propios vecinos, en\ncada comuna, quienes podr\u00e1n poblar el programa, el plan de desarrollo futuro.<\/p>\n\n\n\n<p>&nbsp;&nbsp;&nbsp;&nbsp;&nbsp;&nbsp;&nbsp;&nbsp;&nbsp;&nbsp;&nbsp; Una pr\u00e1ctica\nque debieran replicar alcaldes, constituyentes, y tambi\u00e9n parlamentarios y\ncandidatos presidenciales. Consultar previo a la elecci\u00f3n, de modo que sus\npropuestas obedezcan a necesidades concretas.<\/p>\n\n\n\n<p>&nbsp;&nbsp;&nbsp;&nbsp;&nbsp;&nbsp;&nbsp;&nbsp;&nbsp;&nbsp;&nbsp; Es posible\nque las personas, excedan con sus peticiones, o sus sue\u00f1os, lo que pudiera\nrealizarse en un per\u00edodo de 4 a\u00f1os. Tambi\u00e9n, que se efect\u00faen peticiones, que\ncorrespondan mas bien, a mejoras en eficiencia de servicios p\u00fablicos.&nbsp; Eso se resuelve con claridad en la\ninformaci\u00f3n, y con la traducci\u00f3n a iniciativas concretas, de los planteamientos\nde la ciudadan\u00eda. La responsabilidad est\u00e1 en formular un plan que contenga los\nanhelos, las peticiones de los vecinos, con estimaciones de plazos y montos de\ninversi\u00f3n.&nbsp; <\/p>\n\n\n\n<p>&nbsp;&nbsp;&nbsp;&nbsp;&nbsp;&nbsp;&nbsp;&nbsp;&nbsp;&nbsp;&nbsp; El \u00e9xito de\nla \u201cRegi\u00f3n que queremos\u201d, depende no solo del liderazgo de un candidato como\nJorge Fl\u00edes, depende de que las fuerzas sociales y econ\u00f3micas, vecinos,\ntrabajadores y empresarios, se sientan adecuadamente convocados. Y esa es la\ntarea de estos meses, hasta la elecci\u00f3n de abril. Tenemos desaf\u00edos impuestos\npor la pandemia. Debe enfrentarse con rigor el problema sanitario, reducir la\npositividad, aumentar la trazabilidad. Por otra parte, debe instalarse un\npotente plan de inversiones p\u00fablico-privadas, que nos permita retomar la\ncreaci\u00f3n y recuperaci\u00f3n de empleos. <\/p>\n\n\n\n<p>Las expectativas de la gente son muy grandes, en Magallanes,\nnecesitamos estabilidad, liderazgo, seriedad. La segunda administraci\u00f3n del\npresidente Pi\u00f1era, incurri\u00f3 en errores similares que en la primera. La\nseguidilla de intendentes e intendentas, que hemos tenido, no han permitido\ngenerar la gobernabilidad, la seriedad, que una regi\u00f3n como Magallanes, merece.<\/p>\n\n\n\n<p>&nbsp;&nbsp;&nbsp;&nbsp;&nbsp;&nbsp;&nbsp;&nbsp;&nbsp;&nbsp;&nbsp; Con el\nmacizo triunfo de este d\u00eda, se traza un camino, se da una se\u00f1al muy clara, la\npoblaci\u00f3n quiere un liderazgo claro, con conocimiento y experiencia. No s\u00f3lo en\nla gesti\u00f3n de la regi\u00f3n, que durante 2014 a 2018, tuvo cifras ejemplares. Sino\ntambi\u00e9n en el trato cercano, respetuoso pero c\u00e1lido, que Jorge Fl\u00edes mantiene\ncon cientos de personas, d\u00eda a d\u00eda.<\/p>\n\n\n\n<p>&nbsp;&nbsp;&nbsp;&nbsp;&nbsp;&nbsp;&nbsp;&nbsp;&nbsp;&nbsp;&nbsp; Es momento\nde la gran pol\u00edtica, de esa que mira al bien com\u00fan, mas que al color o a la\netiqueta de cada uno.&nbsp; Es momento de\navanzar con todos y todas, para construir nuestro plan de desarrollo.&nbsp; Debemos retomar y continuar, la conectividad\nterrestre, mar\u00edtima, a\u00e9rea, y digital. La inversi\u00f3n en ciencia y tecnolog\u00eda,\nretomando el Centro Ant\u00e1rtico Internacional. Debemos continuar con el\ndesarrollo de nuevas fuentes de energ\u00eda, incorporando el desarrollo del\nHidr\u00f3geno Verde.&nbsp; <\/p>\n\n\n\n<p>Pero hoy es el momento de escuchar nuevamente\na los magall\u00e1nicos y magall\u00e1nicas, recoger nuevamente sus sue\u00f1os y aspiraciones,\npara construir en conjunto, mejorando sus condiciones de vida. <\/p>\n\n\n\n<p>&nbsp;&nbsp;&nbsp;&nbsp;&nbsp;&nbsp;&nbsp;&nbsp;&nbsp;&nbsp;&nbsp; &nbsp;La \u201cRegi\u00f3n que Queremos\u201d, est\u00e1 ahora, un poco\nm\u00e1s cerca, y hoy somos muchos m\u00e1s siguiendo el mismo camino.<\/p>\n\n\n\n<p>Ernesto Sep\u00falveda Tornero<\/p>\n","protected":false},"excerpt":{"rendered":"<p>&nbsp; Un poco mas de una hora y media, despu\u00e9s del cierre de las mesas de votaci\u00f3n, ya se conoc\u00eda en Magallanes el resultado de la totalidad de las mesas&#8230;. <a class=\"read-more\" href=\"https:\/\/www.radiopresidenteibanez.cl\/web\/un-paso-mas-a-la-region-queremos-por-ernesto-sepulveda-tornero\/\">Leer m\u00e1s<\/a><\/p>\n","protected":false},"author":2,"featured_media":2310,"comment_status":"closed","ping_status":"closed","sticky":false,"template":"","format":"standard","meta":{"footnotes":""},"categories":[1],"tags":[],"class_list":["post-16518","post","type-post","status-publish","format-standard","has-post-thumbnail","hentry","category-cronica"],"_links":{"self":[{"href":"https:\/\/www.radiopresidenteibanez.cl\/web\/wp-json\/wp\/v2\/posts\/16518","targetHints":{"allow":["GET"]}}],"collection":[{"href":"https:\/\/www.radiopresidenteibanez.cl\/web\/wp-json\/wp\/v2\/posts"}],"about":[{"href":"https:\/\/www.radiopresidenteibanez.cl\/web\/wp-json\/wp\/v2\/types\/post"}],"author":[{"embeddable":true,"href":"https:\/\/www.radiopresidenteibanez.cl\/web\/wp-json\/wp\/v2\/users\/2"}],"replies":[{"embeddable":true,"href":"https:\/\/www.radiopresidenteibanez.cl\/web\/wp-json\/wp\/v2\/comments?post=16518"}],"version-history":[{"count":0,"href":"https:\/\/www.radiopresidenteibanez.cl\/web\/wp-json\/wp\/v2\/posts\/16518\/revisions"}],"wp:featuredmedia":[{"embeddable":true,"href":"https:\/\/www.radiopresidenteibanez.cl\/web\/wp-json\/wp\/v2\/media\/2310"}],"wp:attachment":[{"href":"https:\/\/www.radiopresidenteibanez.cl\/web\/wp-json\/wp\/v2\/media?parent=16518"}],"wp:term":[{"taxonomy":"category","embeddable":true,"href":"https:\/\/www.radiopresidenteibanez.cl\/web\/wp-json\/wp\/v2\/categories?post=16518"},{"taxonomy":"post_tag","embeddable":true,"href":"https:\/\/www.radiopresidenteibanez.cl\/web\/wp-json\/wp\/v2\/tags?post=16518"}],"curies":[{"name":"wp","href":"https:\/\/api.w.org\/{rel}","templated":true}]}}