{"id":16510,"date":"2020-11-29T17:42:18","date_gmt":"2020-11-29T17:42:18","guid":{"rendered":"https:\/\/www.radiopresidenteibanez.cl\/web\/?p=16510"},"modified":"2020-11-29T17:42:24","modified_gmt":"2020-11-29T17:42:24","slug":"municipio-impulsa-proyecto-junto-a-vecinos-de-sectores-periurbanos-para-limpieza-de-aguas-servidas","status":"publish","type":"post","link":"https:\/\/www.radiopresidenteibanez.cl\/web\/municipio-impulsa-proyecto-junto-a-vecinos-de-sectores-periurbanos-para-limpieza-de-aguas-servidas\/","title":{"rendered":"MUNICIPIO IMPULSA PROYECTO JUNTO A VECINOS DE SECTORES PERIURBANOS PARA LIMPIEZA DE AGUAS SERVIDAS"},"content":{"rendered":"\n<p>Hasta el sector alto de la ciudad, espec\u00edficamente a Llau Llau, lleg\u00f3 el Alcalde Claudio Radonich junto al Director de SECPLAN \u00c1lvaro Guzm\u00e1n, para coordinar el trabajo colaborativo que busca otorgar soluciones en el corto y largo plazo a los vecinos del lugar. Esto para concretar la limpieza de las aguas residuales que surgen de las fosas s\u00e9pticas y otros desechos que se generan en el lugar, pero igualmente, para acompa\u00f1arlos en el proceso que busca dotar de una red de alcantarillado en el futuro pr\u00f3ximo.<\/p>\n\n\n\n<p>Para ello, se ha establecido un mecanismo por medio de las Juntas Vecinales del sector, para que elaboren una lista que contenga los datos de todos quienes habitan all\u00ed, con el fin de presentar un proyecto al Gobierno Regional, que permita limpiar cuanto antes, mientras en paralelo avanza la soluci\u00f3n definitiva.<\/p>\n\n\n\n<p>\u201cEstamos colaborando con los dirigentes vecinales del sector, porque est\u00e1n muy preocupados ya que las fosas han rebalsado producto de las aguas servidas, por lo que estamos ayudando en buscar la soluci\u00f3n junto a ellos, raz\u00f3n por la que la Municipalidad est\u00e1 elaborando un proyecto para presentarlo al Gobierno Regional y as\u00ed lograr limpiar lo m\u00e1s pronto posible\u201d, explic\u00f3 Radonich.<\/p>\n\n\n\n<p>En ese sentido, Cecilia C\u00e1rdenas, presidenta de la Junta Vecinal n\u00ba 56 Llau Llau, dijo que \u201cnosotros como dirigentes en el sector de Llau Llau, hemos avanzado en muchas cosas, pero uno de los problemas m\u00e1s graves es la falta de una red de alcantarillado, y hoy vemos como esto se ha ido agravando a\u00fan m\u00e1s porque la gente est\u00e1 llegando a vivir aqu\u00ed buscando tranquilidad\u201d.<\/p>\n\n\n\n<p>\u201cPartimos con 20 viviendas hace 15 a\u00f1os atr\u00e1s y hoy d\u00eda somos alrededor de 500 familias en el sector, por lo tanto, para nosotros es m\u00e1s urgente a\u00fan, la soluci\u00f3n del alcantarillado. Entendemos que esta ayuda que se est\u00e1 recibiendo para los vecinos, para&nbsp; limpieza de las fosas es tambi\u00e9n un tema de calidad de vida y el riesgo de infecciones\u201d, agreg\u00f3 la dirigente.<\/p>\n\n\n\n<p>En tanto, Gloria Inayao, vecina del lugar, manifest\u00f3 que para ella y su familia \u201cun sue\u00f1o que tenemos es que haya alcantarillado, ya que somos zona de agricultores y no podemos trabajar producto de la contaminaci\u00f3n. En este momento debemos ser alrededor de 500 familias s\u00f3lo en el sector de Llau Llau, as\u00ed que se agradece que se est\u00e9 reaccionando frente a este tema, y esperamos que esto pueda tener continuidad\u201d.<\/p>\n\n\n\n<p>Finalmente, el jefe comunal hizo un llamado a los vecinos de Villa Generosa, Villa Andrea, Pampa Redonda, Llau Llau, para que se comuniquen con sus dirigentes para concretar un listado final para presentarlo posteriormente, al Gobierno Regional.<\/p>\n","protected":false},"excerpt":{"rendered":"<p>Hasta el sector alto de la ciudad, espec\u00edficamente a Llau Llau, lleg\u00f3 el Alcalde Claudio Radonich junto al Director de SECPLAN \u00c1lvaro Guzm\u00e1n, para coordinar el trabajo colaborativo que busca&#8230; <a class=\"read-more\" href=\"https:\/\/www.radiopresidenteibanez.cl\/web\/municipio-impulsa-proyecto-junto-a-vecinos-de-sectores-periurbanos-para-limpieza-de-aguas-servidas\/\">Leer m\u00e1s<\/a><\/p>\n","protected":false},"author":2,"featured_media":16511,"comment_status":"closed","ping_status":"closed","sticky":false,"template":"","format":"standard","meta":{"footnotes":""},"categories":[1],"tags":[],"class_list":["post-16510","post","type-post","status-publish","format-standard","has-post-thumbnail","hentry","category-cronica"],"_links":{"self":[{"href":"https:\/\/www.radiopresidenteibanez.cl\/web\/wp-json\/wp\/v2\/posts\/16510","targetHints":{"allow":["GET"]}}],"collection":[{"href":"https:\/\/www.radiopresidenteibanez.cl\/web\/wp-json\/wp\/v2\/posts"}],"about":[{"href":"https:\/\/www.radiopresidenteibanez.cl\/web\/wp-json\/wp\/v2\/types\/post"}],"author":[{"embeddable":true,"href":"https:\/\/www.radiopresidenteibanez.cl\/web\/wp-json\/wp\/v2\/users\/2"}],"replies":[{"embeddable":true,"href":"https:\/\/www.radiopresidenteibanez.cl\/web\/wp-json\/wp\/v2\/comments?post=16510"}],"version-history":[{"count":0,"href":"https:\/\/www.radiopresidenteibanez.cl\/web\/wp-json\/wp\/v2\/posts\/16510\/revisions"}],"wp:featuredmedia":[{"embeddable":true,"href":"https:\/\/www.radiopresidenteibanez.cl\/web\/wp-json\/wp\/v2\/media\/16511"}],"wp:attachment":[{"href":"https:\/\/www.radiopresidenteibanez.cl\/web\/wp-json\/wp\/v2\/media?parent=16510"}],"wp:term":[{"taxonomy":"category","embeddable":true,"href":"https:\/\/www.radiopresidenteibanez.cl\/web\/wp-json\/wp\/v2\/categories?post=16510"},{"taxonomy":"post_tag","embeddable":true,"href":"https:\/\/www.radiopresidenteibanez.cl\/web\/wp-json\/wp\/v2\/tags?post=16510"}],"curies":[{"name":"wp","href":"https:\/\/api.w.org\/{rel}","templated":true}]}}