{"id":16508,"date":"2020-11-29T17:39:20","date_gmt":"2020-11-29T17:39:20","guid":{"rendered":"https:\/\/www.radiopresidenteibanez.cl\/web\/?p=16508"},"modified":"2020-11-29T17:39:25","modified_gmt":"2020-11-29T17:39:25","slug":"senadora-goic-destaco-el-aumento-per-capita-destinado-a-la-atencion-primaria-de-salud","status":"publish","type":"post","link":"https:\/\/www.radiopresidenteibanez.cl\/web\/senadora-goic-destaco-el-aumento-per-capita-destinado-a-la-atencion-primaria-de-salud\/","title":{"rendered":"SENADORA GOIC DESTAC\u00d3 EL AUMENTO PER C\u00c1PITA DESTINADO A LA ATENCI\u00d3N PRIMARIA DE SALUD"},"content":{"rendered":"\n<p>Como una buena noticia para el\n\u00e1mbito de la atenci\u00f3n primaria de salud, calific\u00f3 la senadora Carolina Goic, el\nacuerdo alcanzado en las \u00faltimas horas en materia de incremento del per c\u00e1pita\nbasal a $8.000, lo que significa una mayor inversi\u00f3n p\u00fablica de $113.000\nmillones destinado<\/p>\n\n\n\n<p>a mejorar la atenci\u00f3n a la\npoblaci\u00f3n y as\u00ed cumplir con las garant\u00edas GES.<\/p>\n\n\n\n<p>\u201cQuiero destacar el aumento del\nper c\u00e1pita que logramos para la atenci\u00f3n primaria de salud que alcanza a los\nocho mil pesos, cifra que era una demanda de los dirigentes nacionales y\nregionales de la CONFUSAM, quienes fueron los que pusieron este tema sobre la\nmesa durante la tramitaci\u00f3n del presupuesto 2021, lo que sin duda es un reconocimiento\nal trabajo que se ha hecho en este \u00e1mbito de salud en nuestro pa\u00eds y por cierto\nen nuestra regi\u00f3n\u201d, expres\u00f3 Goic. <\/p>\n\n\n\n<p>La parlamentaria magall\u00e1nica agreg\u00f3\nque, este aumento permitir\u00e1 a los municipios, que es la instancia que est\u00e1 m\u00e1s cercana\na la gente, fortalecer su trabajo durante el pr\u00f3ximo a\u00f1o, sobre todo en estos\ntiempos de pandemia, en donde la labor de la APS, ha sido fundamental para la atenci\u00f3n\nde los ciudadanos. <\/p>\n\n\n\n<p><strong>Aumento en presupuesto de\nciencia <\/strong><\/p>\n\n\n\n<p>A los anterior Goic valor\u00f3 a su\nvez el aumento en el presupuesto de ciencia, se\u00f1alando que ha quedado demostrado\ndurante este a\u00f1o que es fundamental el haber resguardados los recursos del\nINACH, para que se fortaleciera esta instituci\u00f3n.<\/p>\n\n\n\n<p><strong>Subsidio gas<\/strong><\/p>\n\n\n\n<p>Finalmente, la senadora Carolina\nGoic valor\u00f3 que el financiamiento del subsidio del gas, se mantenga en el\nMinisterio de Energ\u00eda, lo que significa que en lo personal est\u00e1 en condiciones\nde aprobar el presupuesto de la naci\u00f3n para el a\u00f1o 2021.<\/p>\n","protected":false},"excerpt":{"rendered":"<p>Como una buena noticia para el \u00e1mbito de la atenci\u00f3n primaria de salud, calific\u00f3 la senadora Carolina Goic, el acuerdo alcanzado en las \u00faltimas horas en materia de incremento del&#8230; <a class=\"read-more\" href=\"https:\/\/www.radiopresidenteibanez.cl\/web\/senadora-goic-destaco-el-aumento-per-capita-destinado-a-la-atencion-primaria-de-salud\/\">Leer m\u00e1s<\/a><\/p>\n","protected":false},"author":2,"featured_media":14155,"comment_status":"closed","ping_status":"closed","sticky":false,"template":"","format":"standard","meta":{"footnotes":""},"categories":[1],"tags":[],"class_list":["post-16508","post","type-post","status-publish","format-standard","has-post-thumbnail","hentry","category-cronica"],"_links":{"self":[{"href":"https:\/\/www.radiopresidenteibanez.cl\/web\/wp-json\/wp\/v2\/posts\/16508","targetHints":{"allow":["GET"]}}],"collection":[{"href":"https:\/\/www.radiopresidenteibanez.cl\/web\/wp-json\/wp\/v2\/posts"}],"about":[{"href":"https:\/\/www.radiopresidenteibanez.cl\/web\/wp-json\/wp\/v2\/types\/post"}],"author":[{"embeddable":true,"href":"https:\/\/www.radiopresidenteibanez.cl\/web\/wp-json\/wp\/v2\/users\/2"}],"replies":[{"embeddable":true,"href":"https:\/\/www.radiopresidenteibanez.cl\/web\/wp-json\/wp\/v2\/comments?post=16508"}],"version-history":[{"count":0,"href":"https:\/\/www.radiopresidenteibanez.cl\/web\/wp-json\/wp\/v2\/posts\/16508\/revisions"}],"wp:featuredmedia":[{"embeddable":true,"href":"https:\/\/www.radiopresidenteibanez.cl\/web\/wp-json\/wp\/v2\/media\/14155"}],"wp:attachment":[{"href":"https:\/\/www.radiopresidenteibanez.cl\/web\/wp-json\/wp\/v2\/media?parent=16508"}],"wp:term":[{"taxonomy":"category","embeddable":true,"href":"https:\/\/www.radiopresidenteibanez.cl\/web\/wp-json\/wp\/v2\/categories?post=16508"},{"taxonomy":"post_tag","embeddable":true,"href":"https:\/\/www.radiopresidenteibanez.cl\/web\/wp-json\/wp\/v2\/tags?post=16508"}],"curies":[{"name":"wp","href":"https:\/\/api.w.org\/{rel}","templated":true}]}}