{"id":16503,"date":"2020-11-29T17:32:17","date_gmt":"2020-11-29T17:32:17","guid":{"rendered":"https:\/\/www.radiopresidenteibanez.cl\/web\/?p=16503"},"modified":"2020-11-29T17:32:22","modified_gmt":"2020-11-29T17:32:22","slug":"condenado-por-agredir-sexualmente-a-mujer-con-discapacidad-mental","status":"publish","type":"post","link":"https:\/\/www.radiopresidenteibanez.cl\/web\/condenado-por-agredir-sexualmente-a-mujer-con-discapacidad-mental\/","title":{"rendered":"CONDENADO POR AGREDIR SEXUALMENTE A MUJER CON DISCAPACIDAD MENTAL"},"content":{"rendered":"\n<p>Como autor del\ndelito de violaci\u00f3n, hoy, en juicio oral fue condenado Narciso Alejandro Ojeda Santana<strong>. <\/strong>La\naudiencia de lectura del fallo, donde se conocer\u00e1 la pena que el acusado\ncumplir\u00e1, se llevar\u00e1 a cabo el mi\u00e9rcoles 02 de diciembre, a las 13.00 horas,\npor v\u00eda telem\u00e1tica.&nbsp; <\/p>\n\n\n\n<p>Durante las diversas\njornadas del juicio oral, el Fiscal Jefe de Punta Arenas,&nbsp; Fernando Dobson Soto, acredit\u00f3 que la noche del 16 de abril del a\u00f1o\npasado, mientras la v\u00edctima se encontraba en su domicilio fue visitada por el\nacusado quien aprovechando su discapacidad mental la agredi\u00f3 sexualmente\nentreg\u00e1ndole luego dinero en efectivo para que mantuviera silencio. Cabe\nmencionar que estos hechos se ven\u00edan repitiendo desde el a\u00f1o 2018.<\/p>\n","protected":false},"excerpt":{"rendered":"<p>Como autor del delito de violaci\u00f3n, hoy, en juicio oral fue condenado Narciso Alejandro Ojeda Santana. La audiencia de lectura del fallo, donde se conocer\u00e1 la pena que el acusado&#8230; <a class=\"read-more\" href=\"https:\/\/www.radiopresidenteibanez.cl\/web\/condenado-por-agredir-sexualmente-a-mujer-con-discapacidad-mental\/\">Leer m\u00e1s<\/a><\/p>\n","protected":false},"author":2,"featured_media":740,"comment_status":"closed","ping_status":"closed","sticky":false,"template":"","format":"standard","meta":{"footnotes":""},"categories":[1],"tags":[],"class_list":["post-16503","post","type-post","status-publish","format-standard","has-post-thumbnail","hentry","category-cronica"],"_links":{"self":[{"href":"https:\/\/www.radiopresidenteibanez.cl\/web\/wp-json\/wp\/v2\/posts\/16503","targetHints":{"allow":["GET"]}}],"collection":[{"href":"https:\/\/www.radiopresidenteibanez.cl\/web\/wp-json\/wp\/v2\/posts"}],"about":[{"href":"https:\/\/www.radiopresidenteibanez.cl\/web\/wp-json\/wp\/v2\/types\/post"}],"author":[{"embeddable":true,"href":"https:\/\/www.radiopresidenteibanez.cl\/web\/wp-json\/wp\/v2\/users\/2"}],"replies":[{"embeddable":true,"href":"https:\/\/www.radiopresidenteibanez.cl\/web\/wp-json\/wp\/v2\/comments?post=16503"}],"version-history":[{"count":0,"href":"https:\/\/www.radiopresidenteibanez.cl\/web\/wp-json\/wp\/v2\/posts\/16503\/revisions"}],"wp:featuredmedia":[{"embeddable":true,"href":"https:\/\/www.radiopresidenteibanez.cl\/web\/wp-json\/wp\/v2\/media\/740"}],"wp:attachment":[{"href":"https:\/\/www.radiopresidenteibanez.cl\/web\/wp-json\/wp\/v2\/media?parent=16503"}],"wp:term":[{"taxonomy":"category","embeddable":true,"href":"https:\/\/www.radiopresidenteibanez.cl\/web\/wp-json\/wp\/v2\/categories?post=16503"},{"taxonomy":"post_tag","embeddable":true,"href":"https:\/\/www.radiopresidenteibanez.cl\/web\/wp-json\/wp\/v2\/tags?post=16503"}],"curies":[{"name":"wp","href":"https:\/\/api.w.org\/{rel}","templated":true}]}}