{"id":16500,"date":"2020-12-01T02:00:24","date_gmt":"2020-12-01T02:00:24","guid":{"rendered":"https:\/\/www.radiopresidenteibanez.cl\/web\/?p=16500"},"modified":"2020-11-29T17:24:00","modified_gmt":"2020-11-29T17:24:00","slug":"meteorologos-de-la-armada-de-chile-preparan-sus-pronosticos-en-apoyo-a-la-campana-antartica-2020-2021","status":"publish","type":"post","link":"https:\/\/www.radiopresidenteibanez.cl\/web\/meteorologos-de-la-armada-de-chile-preparan-sus-pronosticos-en-apoyo-a-la-campana-antartica-2020-2021\/","title":{"rendered":"METEOR\u00d3LOGOS DE LA ARMADA DE CHILE, PREPARAN SUS PRON\u00d3STICOS EN APOYO A LA  CAMPA\u00d1A ANT\u00c1RTICA 2020-2021"},"content":{"rendered":"\n<p>Desde comienzo del mes de noviembre, se da inicio a la Campa\u00f1a Ant\u00e1rtica (COMANTAR) 2020-2021, en donde la Armada de Chile pone gran parte de sus esfuerzos, con el fin de poder mantener el soporte log\u00edstico en el continente blanco, disponiendo el zarpe  de unidades Navales, entre ellas; AP 41 \u201cAquiles\u201d, OPV 83 \u201cMarinero Fuentealba\u201d, LSDH 91 \u201cSargento Aldea\u201d y ATF 67 \u201cLautaro\u201d, las cuales cumplen distintos roles en desarrollar actividades en \u00e1reas de Seguridad Mar\u00edtima, Intereses Mar\u00edtimos, contribuci\u00f3n al Desarrollo Nacional y accionar del Estado y Cooperaci\u00f3n Internacional.<\/p>\n\n\n\n<p>El Paso Drake, lugar en donde se une el Oc\u00e9ano Pac\u00edfico con el Atl\u00e1ntico, es considerado por los navegantes, como uno de los mares m\u00e1s tormentosos del planeta, en donde el viento puede llegar a superar los 100 nudos y las olas los 15 metros de altura, siendo el paso obligatorio para todas las unidades navales que pr\u00f3ximamente se desplegar\u00e1n y que ya se encuentran en la pen\u00ednsula ant\u00e1rtica.<\/p>\n\n\n\n<p>Es importante destacar que, a contar del mes de septiembre y hasta el mes de marzo, es el per\u00edodo en donde las condiciones meteorol\u00f3gicas del Paso Drake son m\u00e1s extremas.  Lo anterior, tiene directa relaci\u00f3n con el comienzo de la primavera y verano en el hemisferio sur, donde se fortalece el Anticicl\u00f3n Semipermanente del Oc\u00e9ano Pac\u00edfico Sur, bloqueando el paso de sistemas frontales por el litoral central de Chile y desplazando los sistemas frontales hacia el sur, espec\u00edficamente entre la regi\u00f3n de Magallanes y el Paso Drake.<\/p>\n\n\n\n<p>Durante este periodo, en particular, se espera que seamos afectados por el fen\u00f3meno de La Ni\u00f1a, el cual producir\u00e1 el fortalecimiento del Anticicl\u00f3n Semipermanente del Oc\u00e9ano Pac\u00edfico Sur, esper\u00e1ndose que las estaciones primavera-verano sean m\u00e1s secas y calurosas de lo normal para el sector norte y centro del pa\u00eds, y m\u00e1s ventosas para las latitudes m\u00e1s altas.<\/p>\n\n\n\n<p>La Armada de Chile, desde el a\u00f1o 1970, cuenta con un Centro Meteorol\u00f3gico Mar\u00edtimo en la regi\u00f3n de Magallanes, dependiente de la Tercera Zona Naval.  Su \u00e1rea de responsabilidad meteorol\u00f3gica abarca desde el Golfo de Penas hasta la Ant\u00e1rtica Chilena, y desde la l\u00ednea de costa hasta la longitud 120\u00ba Weste, generando pron\u00f3sticos mar\u00edtimos y de canales, avisos de temporales, de vientos fuertes y de vientos del este, adem\u00e1s de mantener el monitoreo de las condiciones glaciol\u00f3gicas del continente blanco, generando cartas de concentraci\u00f3n de hielo y iceberg para la Pen\u00ednsula Ant\u00e1rtica.<\/p>\n\n\n\n<p>El Centro Meteorol\u00f3gico Mar\u00edtimo cuenta con un equipo multidisciplinario, encabezado por el Teniente Primero Felipe Rifo Esp\u00f3sito, quien tiene a su cargo oficiales, empleados civiles y gente de mar meteor\u00f3logos, altamente calificados en temas de meteorolog\u00eda, glaciolog\u00eda, observaciones meteorol\u00f3gicas, mantenimiento e instalaci\u00f3n de estaciones meteorol\u00f3gicas autom\u00e1ticas, quienes se encuentran preparados y motivados para cumplir con su misi\u00f3n: \u201cSatisfacer oportunamente las necesidades de informaci\u00f3n meteorol\u00f3gica de la instituci\u00f3n y de los usuarios mar\u00edtimos en general, a fin de contribuir al planeamiento y ejecuci\u00f3n de las operaciones navales, y de la seguridad y operaciones mar\u00edtimas\u201d<\/p>\n\n\n\n<p>Todos los pron\u00f3sticos, informaci\u00f3n glaciol\u00f3gica, visualizaci\u00f3n de estaciones meteorol\u00f3gicas en l\u00ednea y m\u00e1s, la puedes encontrar en la p\u00e1gina web de meteorolog\u00eda meteoarmada.directemar.<\/p>\n","protected":false},"excerpt":{"rendered":"<p>Desde comienzo del mes de noviembre, se da inicio a la Campa\u00f1a Ant\u00e1rtica (COMANTAR) 2020-2021, en donde la Armada de Chile pone gran parte de sus esfuerzos, con el fin&#8230; <a class=\"read-more\" href=\"https:\/\/www.radiopresidenteibanez.cl\/web\/meteorologos-de-la-armada-de-chile-preparan-sus-pronosticos-en-apoyo-a-la-campana-antartica-2020-2021\/\">Leer m\u00e1s<\/a><\/p>\n","protected":false},"author":2,"featured_media":16501,"comment_status":"closed","ping_status":"closed","sticky":false,"template":"","format":"standard","meta":{"footnotes":""},"categories":[1],"tags":[],"class_list":["post-16500","post","type-post","status-publish","format-standard","has-post-thumbnail","hentry","category-cronica"],"_links":{"self":[{"href":"https:\/\/www.radiopresidenteibanez.cl\/web\/wp-json\/wp\/v2\/posts\/16500","targetHints":{"allow":["GET"]}}],"collection":[{"href":"https:\/\/www.radiopresidenteibanez.cl\/web\/wp-json\/wp\/v2\/posts"}],"about":[{"href":"https:\/\/www.radiopresidenteibanez.cl\/web\/wp-json\/wp\/v2\/types\/post"}],"author":[{"embeddable":true,"href":"https:\/\/www.radiopresidenteibanez.cl\/web\/wp-json\/wp\/v2\/users\/2"}],"replies":[{"embeddable":true,"href":"https:\/\/www.radiopresidenteibanez.cl\/web\/wp-json\/wp\/v2\/comments?post=16500"}],"version-history":[{"count":0,"href":"https:\/\/www.radiopresidenteibanez.cl\/web\/wp-json\/wp\/v2\/posts\/16500\/revisions"}],"wp:featuredmedia":[{"embeddable":true,"href":"https:\/\/www.radiopresidenteibanez.cl\/web\/wp-json\/wp\/v2\/media\/16501"}],"wp:attachment":[{"href":"https:\/\/www.radiopresidenteibanez.cl\/web\/wp-json\/wp\/v2\/media?parent=16500"}],"wp:term":[{"taxonomy":"category","embeddable":true,"href":"https:\/\/www.radiopresidenteibanez.cl\/web\/wp-json\/wp\/v2\/categories?post=16500"},{"taxonomy":"post_tag","embeddable":true,"href":"https:\/\/www.radiopresidenteibanez.cl\/web\/wp-json\/wp\/v2\/tags?post=16500"}],"curies":[{"name":"wp","href":"https:\/\/api.w.org\/{rel}","templated":true}]}}