{"id":16498,"date":"2020-11-29T17:20:01","date_gmt":"2020-11-29T17:20:01","guid":{"rendered":"https:\/\/www.radiopresidenteibanez.cl\/web\/?p=16498"},"modified":"2020-11-29T17:20:08","modified_gmt":"2020-11-29T17:20:08","slug":"a-10-anos-y-un-dia-de-carcel-fue-condenado-por-dos-robos-y-un-hurto","status":"publish","type":"post","link":"https:\/\/www.radiopresidenteibanez.cl\/web\/a-10-anos-y-un-dia-de-carcel-fue-condenado-por-dos-robos-y-un-hurto\/","title":{"rendered":"A 10 A\u00d1OS Y UN D\u00cdA DE C\u00c1RCEL FUE CONDENADO POR DOS ROBOS Y UN HURTO"},"content":{"rendered":"\n<p>10 a\u00f1os y un d\u00eda de presidio efectivo es la pena que\nJuan\nAlejandro Perez Barr\u00eda, deber\u00e1 cumplir como&nbsp;\nautor de 2 robos con fuerza en lugar habitado y un delito de\nreceptaci\u00f3n. La\naudiencia de comunicaci\u00f3n de fallo, se conoci\u00f3 &nbsp;hoy, &nbsp;a\nlas 13:00 horas.  <\/p>\n\n\n\n<p>&nbsp;Cabe indicar que esta causa llevada a juicio oral, es\nfruto de un trabajo de foco investigativo realizado por la Unidad de An\u00e1lisis\nCriminal de la Fiscal\u00eda, SACFI, a trav\u00e9s del Jefe Fiscal Felipe Aguirre y del\nFiscal (s) Ricardo Torres y de la Brigada de Robo de la Polic\u00eda de\nInvestigaciones, la cual relacion\u00f3 la autor\u00eda del acusado en estos delitos, el\nprimero perpetrado el d\u00eda 10 de octubre de\n2019, entre las 9:45 horas y las 12:20 horas aproximadamente, en circunstancias\nque un inmueble ubicado en Mariano Ega\u00f1a, hab\u00eda quedado moment\u00e1neamente sin\nmoradores y totalmente cerrado, al cual el acusado ingres\u00f3 mediante\nescalamiento apropi\u00e1ndose de dinero y joyas de oro, al momento que &nbsp;las v\u00edctimas &nbsp;regresaban a su domicilio , enfrentando al\nsujeto quien los agredi\u00f3, inici\u00e1ndose entre ellos un forcejeo, para luego huir\nde la casa. <\/p>\n\n\n\n<p>El segundo delito qued\u00f3 al descubierto cuando la Polic\u00eda de\nInvestigaciones realizaba diligencias investigativas respecto de un robo con\nfuerza en lugar habitado cometido 2018, estableciendo que estas especies, entre\nel mes de enero y febrero del 2019, las manten\u00eda en su poder el acusado, quien\nconociendo su origen las permut\u00f3.<\/p>\n\n\n\n<p>El tercer hecho en tanto, fue cometido el 13 de septiembre del 2019\nalrededor de las 15:00 horas, cuando el acusado&nbsp;\ningres\u00f3 a otro inmueble ubicado en calle 1 de Mayo , apropi\u00e1ndose&nbsp; esta vez de diversas herramientas, chapas,\nbisagras, entre otras especie, las que guard\u00f3 en una bolsa, para luego, ejercer\nfuerza del tipo palanca con una herramienta met\u00e1lica, tipo desmontador, en la\npuerta posterior,&nbsp; escuchando la due\u00f1a de\ncasa los ruidos y sorprendiendo al acusado &nbsp;el que se escondi\u00f3 detr\u00e1s de unos cajones,\npara luego amenazarla con esa misma herramienta y huir del lugar dejando la\nbolsa con las herramientas almacenadas.<\/p>\n","protected":false},"excerpt":{"rendered":"<p>10 a\u00f1os y un d\u00eda de presidio efectivo es la pena que Juan Alejandro Perez Barr\u00eda, deber\u00e1 cumplir como&nbsp; autor de 2 robos con fuerza en lugar habitado y un&#8230; <a class=\"read-more\" href=\"https:\/\/www.radiopresidenteibanez.cl\/web\/a-10-anos-y-un-dia-de-carcel-fue-condenado-por-dos-robos-y-un-hurto\/\">Leer m\u00e1s<\/a><\/p>\n","protected":false},"author":2,"featured_media":740,"comment_status":"closed","ping_status":"closed","sticky":false,"template":"","format":"standard","meta":{"footnotes":""},"categories":[1],"tags":[],"class_list":["post-16498","post","type-post","status-publish","format-standard","has-post-thumbnail","hentry","category-cronica"],"_links":{"self":[{"href":"https:\/\/www.radiopresidenteibanez.cl\/web\/wp-json\/wp\/v2\/posts\/16498","targetHints":{"allow":["GET"]}}],"collection":[{"href":"https:\/\/www.radiopresidenteibanez.cl\/web\/wp-json\/wp\/v2\/posts"}],"about":[{"href":"https:\/\/www.radiopresidenteibanez.cl\/web\/wp-json\/wp\/v2\/types\/post"}],"author":[{"embeddable":true,"href":"https:\/\/www.radiopresidenteibanez.cl\/web\/wp-json\/wp\/v2\/users\/2"}],"replies":[{"embeddable":true,"href":"https:\/\/www.radiopresidenteibanez.cl\/web\/wp-json\/wp\/v2\/comments?post=16498"}],"version-history":[{"count":0,"href":"https:\/\/www.radiopresidenteibanez.cl\/web\/wp-json\/wp\/v2\/posts\/16498\/revisions"}],"wp:featuredmedia":[{"embeddable":true,"href":"https:\/\/www.radiopresidenteibanez.cl\/web\/wp-json\/wp\/v2\/media\/740"}],"wp:attachment":[{"href":"https:\/\/www.radiopresidenteibanez.cl\/web\/wp-json\/wp\/v2\/media?parent=16498"}],"wp:term":[{"taxonomy":"category","embeddable":true,"href":"https:\/\/www.radiopresidenteibanez.cl\/web\/wp-json\/wp\/v2\/categories?post=16498"},{"taxonomy":"post_tag","embeddable":true,"href":"https:\/\/www.radiopresidenteibanez.cl\/web\/wp-json\/wp\/v2\/tags?post=16498"}],"curies":[{"name":"wp","href":"https:\/\/api.w.org\/{rel}","templated":true}]}}