{"id":16495,"date":"2020-11-30T04:15:00","date_gmt":"2020-11-30T04:15:00","guid":{"rendered":"https:\/\/www.radiopresidenteibanez.cl\/web\/?p=16495"},"modified":"2020-11-29T17:13:29","modified_gmt":"2020-11-29T17:13:29","slug":"minvu-destaca-contribucion-de-personas-con-discapacidad-al-cumplimiento-de-normativa-de-accesibilidad-universal","status":"publish","type":"post","link":"https:\/\/www.radiopresidenteibanez.cl\/web\/minvu-destaca-contribucion-de-personas-con-discapacidad-al-cumplimiento-de-normativa-de-accesibilidad-universal\/","title":{"rendered":"MINVU DESTACA CONTRIBUCI\u00d3N DE PERSONAS CON DISCAPACIDAD AL CUMPLIMIENTO DE NORMATIVA DE ACCESIBILIDAD UNIVERSAL"},"content":{"rendered":"\n<p>El 2019, Serviu dise\u00f1\u00f3 el proyecto piloto \u201cMejoramiento est\u00e1ndar urbano Costanera del Estrecho\u201d. A semanas de que esta obra sea entregada a la comunidad, el Minvu valora el aporte de los vecinos y vecinas y fundamentalmente, de personas con discapacidad, que, a trav\u00e9s de un an\u00e1lisis en terreno, indicaron los requerimientos de dicho espacio p\u00fablico para dar cumplimiento al Decreto N\u00b050 de la Ley General de Urbanismo y Construcciones y el Proyecto Piloto Ciudad Inclusiva.<\/p>\n\n\n\n<p>Fue as\u00ed, como a las habituales jornadas de participaci\u00f3n ciudadana, el Serviu sum\u00f3 un taller in situ, efectuado en febrero del a\u00f1o pasado, que permiti\u00f3 recorrer el \u00e1rea en dise\u00f1o y precisar los elementos de accesibilidad universal de la iniciativa piloto \u201cCiudad Inclusiva\u201d.&nbsp;<strong>E<\/strong>l<strong>&nbsp;director regional del Serviu, Dubalio P\u00e9rez<\/strong>, indic\u00f3<strong>&nbsp;\u201cRespecto al proyecto \u2018Mejoramiento est\u00e1ndar urbano Costanera del Estrecho\u2019, entre Club H\u00edpico y Jos\u00e9 Velastegui, quiero se\u00f1alar que fue un trabajo desarrollado, desde su inicio en la etapa de dise\u00f1o, en conjunto con la comunidad entre los que destaco a la junta de vecinos del sector y en forma muy especial con Agaci y otras organizaciones que trabajan por la inclusi\u00f3n de personas con discapacidad, ya que son quienes en definitiva usar\u00e1n este espacio al contar con elementos de accesibilidad universal y seguro para ellos\u201d.<\/strong><\/p>\n\n\n\n<p>La autoridad agreg\u00f3 que se trata de una iniciativa<strong>&nbsp;\u201cdonde los elementos principales del proyecto Ciudad Inclusiva fueron incorporados, con pasos peatonales con ruta accesible, \u00e1reas verdes y especialmente zonas demarcadas con seguridad para personas con discapacidad. Esperamos que, durante el mes de diciembre, podamos entregar esta obra a la comunidad\u201d,&nbsp;<\/strong>adelant\u00f3.&nbsp;Las obras que cambiaron el rostro de un sector que antes era definido como inseguro por los residentes. incluyen una zona de juegos, sector de estacionamientos para personas con discapacidad y p\u00fablico general, pasos peatonales continuos, una multicancha y zona de ejercicios en honor al vecino Silvio Villarroel.<\/p>\n\n\n\n<p><strong>Luis Tri\u00f1anes, integrante de Agaci,&nbsp;<\/strong>fue uno de los asistentes al taller y respecto a la actividad se\u00f1al\u00f3<strong>&nbsp;\u201cMe parece maravillosa la experiencia, ya que permiti\u00f3 palpar en terreno las necesidades de personas que presentan diferentes discapacidades, considerando a personas ciegas como mi caso, y tambi\u00e9n a quienes usan silla de ruedas o usan bast\u00f3n como apoyo por movilidad reducida. Esto es importante que se realice en la etapa de dise\u00f1o y en todos los proyectos, ya que una vez que est\u00e1n construidos es poco probable que sean modificados\u201d.<\/strong><\/p>\n\n\n\n<p>Luis Tri\u00f1anes inform\u00f3 que, junto a otras organizaciones de personas con discapacidad que integran la macro zona sur del pa\u00eds, han evidenciado que la normativa debe considerar particularidades de los territorios, como por ejemplo el factor clim\u00e1tico de las regiones de Ays\u00e9n y Magallanes donde los suelos se cubren de escarcha o nieve y se presentan fuertes vientos, requiriendo adecuar los proyectos a estas condiciones.<\/p>\n\n\n\n<p><strong>Mar\u00eda Antonieta Barrientos<\/strong>, fue otra de las participantes en el taller de dise\u00f1o, en su calidad de<strong>&nbsp;integrante del Consejo de la Sociedad Civil del Serviu&nbsp;<\/strong>y su condici\u00f3n de persona ciega. Respecto a la actividad coment\u00f3&nbsp;<strong>\u201cEs muy importante que consideren nuestra opini\u00f3n, ya que la finalidad es que estos proyectos sean accesibles y seguros para todas las personas y que por lo tanto puedan ser usados por adultos mayores, personas con movilidad reducida y con discapacidad\u201d.<\/strong><\/p>\n\n\n\n<p>La dirigente y representante de la agrupaci\u00f3n \u201cBit\u00e1cora Vientos Patag\u00f3nicos\u201d, recuerda que en el trayecto realizado se encontraron portones abiertos hacia afuera, autos mal estacionados, ripio, pastelones de cemento, arbustos sin podar y basureros instalados en plena acera, por lo que recalc\u00f3 que, junto con el dise\u00f1o accesible, se requiere mayor conciencia de parte de los vecinos y fiscalizaci\u00f3n constante del cumplimiento de la normativa.<\/p>\n\n\n\n<p><strong>El desaf\u00edo de construir viviendas con accesibilidad universal<\/strong><\/p>\n\n\n\n<p>El Programa Fondo Solidario de Elecci\u00f3n de Vivienda DS49, considera en la evaluaci\u00f3n de los proyectos, un puntaje adicional por cada integrante del n\u00facleo familiar que posee acreditaci\u00f3n de discapacidad y otorga un subsidio complementario para adaptar la vivienda a los requerimientos especiales seg\u00fan el tipo de discapacidad.<\/p>\n\n\n\n<p>En vista de que este beneficio no siempre era usado por las Entidades Patrocinantes, el Ministerio de Vivienda y Urbanismo emiti\u00f3 en julio del presente a\u00f1o, una Circular que instruye la aplicaci\u00f3n de este beneficio y lo califica como irrenunciable. Dicho subsidio es de 20 UF y puede llegar a 80 UF cuando el postulante u otro integrante del n\u00facleo familiar, con discapacidad, presente movilidad reducida acreditada por la COMPIN, recursos que deben ser destinados a implementar en la vivienda, obras que contribuyan a paliar las limitaciones que se deriven de la condici\u00f3n de discapacidad y que se encuentran normadas en el Decreto DS49. El Serviu debe velar por la aplicaci\u00f3n de este subsidio, inclusive cuando la situaci\u00f3n de discapacidad y su acreditaci\u00f3n se produzcan posteriormente a la calificaci\u00f3n del proyecto habitacional o en etapa constructiva.<\/p>\n\n\n\n<p>Por su parte, la Entidad Patrocinante del Serviu, ha realizado desde hace varios a\u00f1os, dise\u00f1os de viviendas adaptados a la condici\u00f3n de discapacidad de sus residentes en los conjuntos habitacionales \u201cPueblos Originarios\u201d y \u201cBarranco Amarillo\u201d de la comuna de Punta Arenas y \u201cNatales Oriente\u201d de la comuna de Natales.<\/p>\n\n\n\n<p><strong>Carolina Quintul<\/strong>, madre de&nbsp;<strong>Carlos Mu\u00f1oz<\/strong>, uno de los beneficiados con esta medida y vecino del conjunto habitacional \u201cPueblos Originarios\u201d cuenta que su hijo integraba una agrupaci\u00f3n de vivienda antes de que se le desencadenara una enfermedad diesmelinizante del sistema nervioso central multifocal, que lo aqueja desde hace 11 a\u00f1os y lo mantiene en condici\u00f3n de postrado. En ese tiempo, ella y su familia viv\u00edan en la Villa Fresia Alessandri, present\u00e1ndose a medida que avanzaba la enfermedad de su hijo, m\u00faltiples inconvenientes, como por ejemplo la imposibilidad de ingresar una camilla a su domicilio en caso de una emergencia o para trasladarlo a sus terapias. En esos a\u00f1os, una persona de un voluntariado les obsequi\u00f3 una nueva puerta de acceso para una Navidad.<\/p>\n\n\n\n<p>Hoy la vivienda que habita junto a su hijo de 31 a\u00f1os, posee una entrada en la parte posterior por donde ingresa una camilla y la amplitud del dormitorio le permite girarla para realizar todos los cuidados requeridos. Junto con manifestar que se siente agradecida por todas las consideraciones durante el dise\u00f1o y construcci\u00f3n del proyecto, Carolina Quintul hace un llamado a tener presente que la discapacidad se puede presentar en cualquier momento de la vida y puede afectar a cualquier integrante de una familia, por lo que es necesario que la accesibilidad universal sea considerada en el dise\u00f1o de todas las viviendas.<\/p>\n","protected":false},"excerpt":{"rendered":"<p>El 2019, Serviu dise\u00f1\u00f3 el proyecto piloto \u201cMejoramiento est\u00e1ndar urbano Costanera del Estrecho\u201d. A semanas de que esta obra sea entregada a la comunidad, el Minvu valora el aporte de&#8230; <a class=\"read-more\" href=\"https:\/\/www.radiopresidenteibanez.cl\/web\/minvu-destaca-contribucion-de-personas-con-discapacidad-al-cumplimiento-de-normativa-de-accesibilidad-universal\/\">Leer m\u00e1s<\/a><\/p>\n","protected":false},"author":2,"featured_media":16496,"comment_status":"closed","ping_status":"closed","sticky":false,"template":"","format":"standard","meta":{"footnotes":""},"categories":[1],"tags":[],"class_list":["post-16495","post","type-post","status-publish","format-standard","has-post-thumbnail","hentry","category-cronica"],"_links":{"self":[{"href":"https:\/\/www.radiopresidenteibanez.cl\/web\/wp-json\/wp\/v2\/posts\/16495","targetHints":{"allow":["GET"]}}],"collection":[{"href":"https:\/\/www.radiopresidenteibanez.cl\/web\/wp-json\/wp\/v2\/posts"}],"about":[{"href":"https:\/\/www.radiopresidenteibanez.cl\/web\/wp-json\/wp\/v2\/types\/post"}],"author":[{"embeddable":true,"href":"https:\/\/www.radiopresidenteibanez.cl\/web\/wp-json\/wp\/v2\/users\/2"}],"replies":[{"embeddable":true,"href":"https:\/\/www.radiopresidenteibanez.cl\/web\/wp-json\/wp\/v2\/comments?post=16495"}],"version-history":[{"count":0,"href":"https:\/\/www.radiopresidenteibanez.cl\/web\/wp-json\/wp\/v2\/posts\/16495\/revisions"}],"wp:featuredmedia":[{"embeddable":true,"href":"https:\/\/www.radiopresidenteibanez.cl\/web\/wp-json\/wp\/v2\/media\/16496"}],"wp:attachment":[{"href":"https:\/\/www.radiopresidenteibanez.cl\/web\/wp-json\/wp\/v2\/media?parent=16495"}],"wp:term":[{"taxonomy":"category","embeddable":true,"href":"https:\/\/www.radiopresidenteibanez.cl\/web\/wp-json\/wp\/v2\/categories?post=16495"},{"taxonomy":"post_tag","embeddable":true,"href":"https:\/\/www.radiopresidenteibanez.cl\/web\/wp-json\/wp\/v2\/tags?post=16495"}],"curies":[{"name":"wp","href":"https:\/\/api.w.org\/{rel}","templated":true}]}}