{"id":16493,"date":"2020-11-30T04:00:00","date_gmt":"2020-11-30T04:00:00","guid":{"rendered":"https:\/\/www.radiopresidenteibanez.cl\/web\/?p=16493"},"modified":"2020-11-29T17:10:59","modified_gmt":"2020-11-29T17:10:59","slug":"autoridad-laboral-recuerda-a-empleadores-respetar-feriado-irrenunciable-del-comercio-en-primarias","status":"publish","type":"post","link":"https:\/\/www.radiopresidenteibanez.cl\/web\/autoridad-laboral-recuerda-a-empleadores-respetar-feriado-irrenunciable-del-comercio-en-primarias\/","title":{"rendered":"AUTORIDAD LABORAL RECUERDA A EMPLEADORES RESPETAR FERIADO IRRENUNCIABLE DEL COMERCIO EN PRIMARIAS"},"content":{"rendered":"\n<p><em>Atendiendo al\npr\u00f3ximo proceso eleccionario que se realiza este domingo 29 de noviembre \u2013d\u00eda\nde elecciones primarias de candidatos a Alcaldes y Gobernadores Regionales- la\nautoridad laboral de la zona record\u00f3 a los empleadores que, de acuerdo a lo\ndictaminado por la Direcci\u00f3n del Trabajo, dicha jornada se considera feriado\nirrenunciable y obligatorio para los trabajadores de centros comerciales o\ncomplejos comerciales.<\/em><em><\/em><\/p>\n\n\n\n<p><em>En palabras\nde la Seremi del Trabajo, Victoria Cort\u00e9s, \u201ccomo es habitual, queremos recordar\na los empleadores de locales que operan en mall y otros centros comerciales\nadministrados por una misma raz\u00f3n social o personalidad jur\u00eddica, que estos\ndeber\u00e1n estar cerrados durante el domingo 29 de noviembre y, por tanto, deben respetar\nel feriado obligatorio e irrenunciable de sus trabajadores, el cual regir\u00e1\ndesde las 21 horas de este s\u00e1bado 28 de noviembre hasta las 6 de la ma\u00f1ana del\nlunes 30 de noviembre\u201d.<\/em><em><\/em><\/p>\n\n\n\n<p><em>Para aquellos\ntrabajadores que les corresponda prestar servicios el d\u00eda domingo, por\nencontrarse exceptuados del descanso, la autoridad llam\u00f3 a respetar el permiso\npara ausentarse de sus labores durante un lapso de dos horas para ejercer su\nderecho a sufragio, sin que ello implique un menoscabo en sus remuneraciones,\nrecordando que pueden votar tanto independientes como afiliados a partidos\npol\u00edticos que tengan domicilio electoral en las comunas donde su respectivo\npartido presente candidatos.<\/em><em><\/em><\/p>\n\n\n\n<p><em>Sobre lo\nmismo, aquellos trabajadores que deban laborar ese d\u00eda, la normativa legal\nse\u00f1ala que los empleadores deber\u00e1n otorgar el permiso, sin descuento de\nremuneraciones, a los trabajadores que sean designados como vocales de mesa,\nmiembros de Colegios Escrutadores o delegados de la Junta Electoral para acudir\na cumplir con su obligaci\u00f3n legal y c\u00edvica.<\/em><em><\/em><em>Seg\u00fan se\u00f1al\u00f3 el director regional del Trabajo,\nCarlo Gorziglia, \u201cla Direcci\u00f3n del Trabajo ha dispuesto un programa especial de\nfiscalizaci\u00f3n que est\u00e1 orientado a fortalecer el ejercicio de estos derechos:\nferiado legal obligatorio e irrenunciable el d\u00eda de la elecci\u00f3n para\ntrabajadores de centros o complejos comerciales, permisos laborales por dos\nhoras para sufragar y permiso laboral por el d\u00eda para los trabajadores\ndesignados como vocales de mesa\u201d, normativa que ser\u00e1 verificada por\nfuncionarios de la instituci\u00f3n para asegurar el cumplimiento de estas\ndisposiciones.<\/em><\/p>\n","protected":false},"excerpt":{"rendered":"<p>Atendiendo al pr\u00f3ximo proceso eleccionario que se realiza este domingo 29 de noviembre \u2013d\u00eda de elecciones primarias de candidatos a Alcaldes y Gobernadores Regionales- la autoridad laboral de la zona&#8230; <a class=\"read-more\" href=\"https:\/\/www.radiopresidenteibanez.cl\/web\/autoridad-laboral-recuerda-a-empleadores-respetar-feriado-irrenunciable-del-comercio-en-primarias\/\">Leer m\u00e1s<\/a><\/p>\n","protected":false},"author":2,"featured_media":11423,"comment_status":"closed","ping_status":"closed","sticky":false,"template":"","format":"standard","meta":{"footnotes":""},"categories":[1],"tags":[],"class_list":["post-16493","post","type-post","status-publish","format-standard","has-post-thumbnail","hentry","category-cronica"],"_links":{"self":[{"href":"https:\/\/www.radiopresidenteibanez.cl\/web\/wp-json\/wp\/v2\/posts\/16493","targetHints":{"allow":["GET"]}}],"collection":[{"href":"https:\/\/www.radiopresidenteibanez.cl\/web\/wp-json\/wp\/v2\/posts"}],"about":[{"href":"https:\/\/www.radiopresidenteibanez.cl\/web\/wp-json\/wp\/v2\/types\/post"}],"author":[{"embeddable":true,"href":"https:\/\/www.radiopresidenteibanez.cl\/web\/wp-json\/wp\/v2\/users\/2"}],"replies":[{"embeddable":true,"href":"https:\/\/www.radiopresidenteibanez.cl\/web\/wp-json\/wp\/v2\/comments?post=16493"}],"version-history":[{"count":0,"href":"https:\/\/www.radiopresidenteibanez.cl\/web\/wp-json\/wp\/v2\/posts\/16493\/revisions"}],"wp:featuredmedia":[{"embeddable":true,"href":"https:\/\/www.radiopresidenteibanez.cl\/web\/wp-json\/wp\/v2\/media\/11423"}],"wp:attachment":[{"href":"https:\/\/www.radiopresidenteibanez.cl\/web\/wp-json\/wp\/v2\/media?parent=16493"}],"wp:term":[{"taxonomy":"category","embeddable":true,"href":"https:\/\/www.radiopresidenteibanez.cl\/web\/wp-json\/wp\/v2\/categories?post=16493"},{"taxonomy":"post_tag","embeddable":true,"href":"https:\/\/www.radiopresidenteibanez.cl\/web\/wp-json\/wp\/v2\/tags?post=16493"}],"curies":[{"name":"wp","href":"https:\/\/api.w.org\/{rel}","templated":true}]}}