{"id":16490,"date":"2020-11-29T17:09:06","date_gmt":"2020-11-29T17:09:06","guid":{"rendered":"https:\/\/www.radiopresidenteibanez.cl\/web\/?p=16490"},"modified":"2020-11-29T17:09:13","modified_gmt":"2020-11-29T17:09:13","slug":"destacan-rol-de-servicio-publico-de-indap-en-aniversario","status":"publish","type":"post","link":"https:\/\/www.radiopresidenteibanez.cl\/web\/destacan-rol-de-servicio-publico-de-indap-en-aniversario\/","title":{"rendered":"DESTACAN ROL DE SERVICIO P\u00daBLICO DE INDAP EN ANIVERSARIO"},"content":{"rendered":"\n<p>\u201cEstamos conmemorando y al mismo tiempo reafirmando nuestro compromiso con los peque\u00f1os agricultores de Magallanes. Hace 58 a\u00f1os, nace el Instituto Nacional de Desarrollo Agropecuario y el mundo rural experimenta desde entonces un desarrollo in\u00e9dito\u201d, explic\u00f3 Petar Bradasic, director regional de INDAP.<\/p>\n\n\n\n<p>\u201cHoy, nuestro compromiso es hacer una gesti\u00f3n p\u00fablica eficaz, que est\u00e9 legitimada por los resultados de la acci\u00f3n y por la existencia de un di\u00e1logo permanente con nuestros usuarios y con la sociedad civil del mundo rural, y de esta manera avanzar hacia una sociedad m\u00e1s democr\u00e1tica, m\u00e1s justa y m\u00e1s integrada\u201d, asegur\u00f3 Bradasic.<br>Asimismo, precis\u00f3 que la proyecci\u00f3n para los pr\u00f3ximos a\u00f1os pone \u00e9nfasis en la innovaci\u00f3n, sustentabilidad del territorio, asociatividad, transparencia, inclusi\u00f3n y trabajo en equipo.&nbsp;<br>\u201cLos desaf\u00edos son m\u00faltiples. Se requiere consolidar los mercados locales y al mismo tiempo mejorar la dieta del magall\u00e1nico, en base a productos naturales e inocuos como los que hoy ofrece la agricultura familiar. Pero tambi\u00e9n requerimos proteger el uso de la tierra\u201d, indic\u00f3 la autoridad.<\/p>\n\n\n\n<p>Durante la ma\u00f1ana los funcionarios hicieron una breve tregua al confinamiento y tuvieron un breve encuentro en la Costanera para mantener distancia social en lugar abierto. Ah\u00ed se reconoci\u00f3 a trabajadores que cumplen a\u00f1os de servicio y se reafirm\u00f3 el compromiso de servicio p\u00fablico que tiene INDAP.<\/p>\n\n\n\n<p>Por su parte, los dirigentes de los peque\u00f1os agricultores de la zona valoraron el trabajo que realiza&nbsp;la instituci\u00f3n del agro en la zona.&nbsp; \u201cEs un apoyo imprescindible para nosotras, porque gracias a&nbsp;INDAP&nbsp;podemos hacer agricultura, en una zona dif\u00edcil, compleja, donde el clima no acompa\u00f1a\u201d, asegur\u00f3 Aurora reyes, dirigenta campesina.<\/p>\n\n\n\n<p>\u201cPara nosotros&nbsp;INDAP&nbsp;es una compa\u00f1\u00eda, tanto en asesor\u00eda t\u00e9cnica como en apoyo econ\u00f3mico, a trav\u00e9s de sus distintos instrumentos. Por eso, hoy tambi\u00e9n celebramos este&nbsp;aniversario\u201d, precis\u00f3 M\u00f3nica Saldivia, agricultora de Punta Arenas. &nbsp;<\/p>\n\n\n\n<p>Pese a los vaivenes sociales y pol\u00edticos de m\u00e1s de cinco d\u00e9cadas,&nbsp;INDAP&nbsp;ha seguido acompa\u00f1ando el trabajo de las campesinas y campesinos de Chile, perfeccionando sus pol\u00edticas e instrumentos de fomento, en esa gran tarea permanente que es el combate a la pobreza y la inequidad, buscando dignificar las labores del campo, y apoyando a sus organizaciones.<br>INDAP&nbsp;es una instituci\u00f3n \u00fanica en su g\u00e9nero entre los pa\u00edses de la regi\u00f3n. En Magallanes atiende a m\u00e1s de 500 agricultores, desde Puerto Ed\u00e9n hasta Cabo de Hornos, a trav\u00e9s de tres Agencias de \u00c1rea.<br><\/p>\n","protected":false},"excerpt":{"rendered":"<p>\u201cEstamos conmemorando y al mismo tiempo reafirmando nuestro compromiso con los peque\u00f1os agricultores de Magallanes. Hace 58 a\u00f1os, nace el Instituto Nacional de Desarrollo Agropecuario y el mundo rural experimenta&#8230; <a class=\"read-more\" href=\"https:\/\/www.radiopresidenteibanez.cl\/web\/destacan-rol-de-servicio-publico-de-indap-en-aniversario\/\">Leer m\u00e1s<\/a><\/p>\n","protected":false},"author":2,"featured_media":16491,"comment_status":"closed","ping_status":"closed","sticky":false,"template":"","format":"standard","meta":{"footnotes":""},"categories":[1],"tags":[],"class_list":["post-16490","post","type-post","status-publish","format-standard","has-post-thumbnail","hentry","category-cronica"],"_links":{"self":[{"href":"https:\/\/www.radiopresidenteibanez.cl\/web\/wp-json\/wp\/v2\/posts\/16490","targetHints":{"allow":["GET"]}}],"collection":[{"href":"https:\/\/www.radiopresidenteibanez.cl\/web\/wp-json\/wp\/v2\/posts"}],"about":[{"href":"https:\/\/www.radiopresidenteibanez.cl\/web\/wp-json\/wp\/v2\/types\/post"}],"author":[{"embeddable":true,"href":"https:\/\/www.radiopresidenteibanez.cl\/web\/wp-json\/wp\/v2\/users\/2"}],"replies":[{"embeddable":true,"href":"https:\/\/www.radiopresidenteibanez.cl\/web\/wp-json\/wp\/v2\/comments?post=16490"}],"version-history":[{"count":0,"href":"https:\/\/www.radiopresidenteibanez.cl\/web\/wp-json\/wp\/v2\/posts\/16490\/revisions"}],"wp:featuredmedia":[{"embeddable":true,"href":"https:\/\/www.radiopresidenteibanez.cl\/web\/wp-json\/wp\/v2\/media\/16491"}],"wp:attachment":[{"href":"https:\/\/www.radiopresidenteibanez.cl\/web\/wp-json\/wp\/v2\/media?parent=16490"}],"wp:term":[{"taxonomy":"category","embeddable":true,"href":"https:\/\/www.radiopresidenteibanez.cl\/web\/wp-json\/wp\/v2\/categories?post=16490"},{"taxonomy":"post_tag","embeddable":true,"href":"https:\/\/www.radiopresidenteibanez.cl\/web\/wp-json\/wp\/v2\/tags?post=16490"}],"curies":[{"name":"wp","href":"https:\/\/api.w.org\/{rel}","templated":true}]}}