{"id":1649,"date":"2019-02-26T20:21:10","date_gmt":"2019-02-26T20:21:10","guid":{"rendered":"http:\/\/www.radiopresidenteibanez.cl\/web\/?p=1649"},"modified":"2019-02-26T20:21:57","modified_gmt":"2019-02-26T20:21:57","slug":"parque-estero-llau-llau-de-punta-arenas-culminara-su-segunda-etapa-en-enero-del-2020","status":"publish","type":"post","link":"https:\/\/www.radiopresidenteibanez.cl\/web\/parque-estero-llau-llau-de-punta-arenas-culminara-su-segunda-etapa-en-enero-del-2020\/","title":{"rendered":"PARQUE ESTERO LLAU LLAU DE PUNTA ARENAS CULMINAR\u00c1 SU SEGUNDA ETAPA EN ENERO DEL 2020"},"content":{"rendered":"\n<p>Esta ma\u00f1ana, el intendente de la Regi\u00f3n de Magallanes y de la Ant\u00e1rtica Chilena, Jos\u00e9 Fern\u00e1ndez, el seremi de Vivienda y Urbanismo, Jos\u00e9 Miguel Horcos y personal t\u00e9cnico del Servicio de Vivienda y Urbanizaci\u00f3n (Serviu), se trasladaron hasta el sector norte de Punta Arenas, para inspeccionar los avances del ambicioso proyecto denominado&nbsp;\u201cHabilitaci\u00f3n recuperaci\u00f3n urbana Parque Estero Llau Llau, etapa 2, Punta Arenas\u201d, el cual lleva un 17% de avance y el cual le entregar\u00e1 una importante y nueva \u00e1rea verde a los vecinos del Loteo El Ovejero, ubicado al norponiente de la capital regional.<\/p>\n\n\n\n<p>La obra mencionada, consiste en la habilitaci\u00f3n de un parque urbano, la cual considera: paisajismo, instalaci\u00f3n de juegos infantiles, construcci\u00f3n de una multicancha, ejecuci\u00f3n de pavimentos peatonales, estacionamiento y pavimento de calzada. Esto \u00faltimo fue destacado por el seremi Minvu, Jos\u00e9 Miguel Horcos, quien enfatiz\u00f3 que \u201clo m\u00e1s relevante es que estamos haciendo ciudad. De un sitio eriazo y bald\u00edo, hemos dise\u00f1ado en conjunto con los vecinos, este parque denominado Llau Llau, el cual ellos nos mandataron y en conjunto con el Gobierno Regional, darnos los recursos y tener un pulm\u00f3n verde en Punta Arenas. La obra tiene un plazo de ejecuci\u00f3n de 450 d\u00edas corridos y la fecha de t\u00e9rmino ser\u00e1 el 04 de enero del 2020, aproximadamente\u201d.<\/p>\n\n\n\n<p>La ejecuci\u00f3n de esta obra desarrollada por el Serviu tuvo un financiamiento proveniente del F.N.D.R, el cual asciende a un total de&nbsp;$ 1.149.294.052. Para el Intendente regional, Jos\u00e9 Fern\u00e1ndez, esta obra representa el plan de gobierno del Presidente Sebasti\u00e1n Pi\u00f1era, el cual est\u00e1 enfocado en mejorar la calidad de vida de las personas. \u201cAntiguamente aqu\u00ed hubo un sitio eriazo y posteriormente una poblaci\u00f3n que fue demolida, hoy se est\u00e1 haciendo una multicancha, \u00e1reas verdes, juegos y m\u00e1quinas de ejercicio, lo que traer\u00e1 un gran beneficio para la comunidad, porque en primer lugar les va a hermosear el sector y adem\u00e1s que le dar\u00e1 plusval\u00eda al barrio\u201d, detall\u00f3 la m\u00e1xima autoridad de gobierno en Magallanes.<\/p>\n\n\n\n<p>En la actividad, una decena de vecinos se hicieron part\u00edcipes, los cuales valoraron la iniciativa del Minvu y del Gobierno Regional, de cambiarle la cara por completo a este sector de la ciudad. Mar\u00eda Graciela Hern\u00e1ndez, vecina que lleva m\u00e1s de 20 a\u00f1os viviendo en el sector, coment\u00f3 que \u201cestamos contentos por el proyecto que se est\u00e1 concretando, se ven avances y lo \u00fanico que tenemos que hacer es cuidarlo. Estamos felices con lo que hemos logrado como vecinos, en donde yo vivo aqu\u00ed casi 28 a\u00f1os en Loteo Ovejero, hemos pasado por muchas cosas y pronto se finalizar\u00e1\u201d.<\/p>\n\n\n\n<ul class=\"wp-block-gallery columns-2 is-cropped wp-block-gallery-1 is-layout-flex wp-block-gallery-is-layout-flex\"><li class=\"blocks-gallery-item\"><figure><img loading=\"lazy\" decoding=\"async\" width=\"900\" height=\"675\" src=\"https:\/\/www.radiopresidenteibanez.cl\/web\/wp-content\/uploads\/2019\/02\/IMG_8059.jpg\" alt=\"\" data-id=\"1650\" data-link=\"https:\/\/www.radiopresidenteibanez.cl\/web\/?attachment_id=1650\" class=\"wp-image-1650\" srcset=\"https:\/\/www.radiopresidenteibanez.cl\/web\/wp-content\/uploads\/2019\/02\/IMG_8059.jpg 900w, https:\/\/www.radiopresidenteibanez.cl\/web\/wp-content\/uploads\/2019\/02\/IMG_8059-300x225.jpg 300w, https:\/\/www.radiopresidenteibanez.cl\/web\/wp-content\/uploads\/2019\/02\/IMG_8059-768x576.jpg 768w\" sizes=\"auto, (max-width: 900px) 100vw, 900px\" \/><\/figure><\/li><li class=\"blocks-gallery-item\"><figure><img loading=\"lazy\" decoding=\"async\" width=\"900\" height=\"675\" src=\"https:\/\/www.radiopresidenteibanez.cl\/web\/wp-content\/uploads\/2019\/02\/IMG_8077.jpg\" alt=\"\" data-id=\"1651\" data-link=\"https:\/\/www.radiopresidenteibanez.cl\/web\/?attachment_id=1651\" class=\"wp-image-1651\" srcset=\"https:\/\/www.radiopresidenteibanez.cl\/web\/wp-content\/uploads\/2019\/02\/IMG_8077.jpg 900w, https:\/\/www.radiopresidenteibanez.cl\/web\/wp-content\/uploads\/2019\/02\/IMG_8077-300x225.jpg 300w, https:\/\/www.radiopresidenteibanez.cl\/web\/wp-content\/uploads\/2019\/02\/IMG_8077-768x576.jpg 768w\" sizes=\"auto, (max-width: 900px) 100vw, 900px\" \/><\/figure><\/li><li class=\"blocks-gallery-item\"><figure><img loading=\"lazy\" decoding=\"async\" width=\"900\" height=\"675\" src=\"https:\/\/www.radiopresidenteibanez.cl\/web\/wp-content\/uploads\/2019\/02\/IMG_8091.jpg\" alt=\"\" data-id=\"1652\" data-link=\"https:\/\/www.radiopresidenteibanez.cl\/web\/?attachment_id=1652\" class=\"wp-image-1652\" srcset=\"https:\/\/www.radiopresidenteibanez.cl\/web\/wp-content\/uploads\/2019\/02\/IMG_8091.jpg 900w, https:\/\/www.radiopresidenteibanez.cl\/web\/wp-content\/uploads\/2019\/02\/IMG_8091-300x225.jpg 300w, https:\/\/www.radiopresidenteibanez.cl\/web\/wp-content\/uploads\/2019\/02\/IMG_8091-768x576.jpg 768w\" sizes=\"auto, (max-width: 900px) 100vw, 900px\" \/><\/figure><\/li><\/ul>\n","protected":false},"excerpt":{"rendered":"<p>Esta ma\u00f1ana, el intendente de la Regi\u00f3n de Magallanes y de la Ant\u00e1rtica Chilena, Jos\u00e9 Fern\u00e1ndez, el seremi de Vivienda y Urbanismo, Jos\u00e9 Miguel Horcos y personal t\u00e9cnico del Servicio&#8230; <a class=\"read-more\" href=\"https:\/\/www.radiopresidenteibanez.cl\/web\/parque-estero-llau-llau-de-punta-arenas-culminara-su-segunda-etapa-en-enero-del-2020\/\">Leer m\u00e1s<\/a><\/p>\n","protected":false},"author":2,"featured_media":1651,"comment_status":"closed","ping_status":"closed","sticky":false,"template":"","format":"standard","meta":{"footnotes":""},"categories":[1],"tags":[],"class_list":["post-1649","post","type-post","status-publish","format-standard","has-post-thumbnail","hentry","category-cronica"],"_links":{"self":[{"href":"https:\/\/www.radiopresidenteibanez.cl\/web\/wp-json\/wp\/v2\/posts\/1649","targetHints":{"allow":["GET"]}}],"collection":[{"href":"https:\/\/www.radiopresidenteibanez.cl\/web\/wp-json\/wp\/v2\/posts"}],"about":[{"href":"https:\/\/www.radiopresidenteibanez.cl\/web\/wp-json\/wp\/v2\/types\/post"}],"author":[{"embeddable":true,"href":"https:\/\/www.radiopresidenteibanez.cl\/web\/wp-json\/wp\/v2\/users\/2"}],"replies":[{"embeddable":true,"href":"https:\/\/www.radiopresidenteibanez.cl\/web\/wp-json\/wp\/v2\/comments?post=1649"}],"version-history":[{"count":0,"href":"https:\/\/www.radiopresidenteibanez.cl\/web\/wp-json\/wp\/v2\/posts\/1649\/revisions"}],"wp:featuredmedia":[{"embeddable":true,"href":"https:\/\/www.radiopresidenteibanez.cl\/web\/wp-json\/wp\/v2\/media\/1651"}],"wp:attachment":[{"href":"https:\/\/www.radiopresidenteibanez.cl\/web\/wp-json\/wp\/v2\/media?parent=1649"}],"wp:term":[{"taxonomy":"category","embeddable":true,"href":"https:\/\/www.radiopresidenteibanez.cl\/web\/wp-json\/wp\/v2\/categories?post=1649"},{"taxonomy":"post_tag","embeddable":true,"href":"https:\/\/www.radiopresidenteibanez.cl\/web\/wp-json\/wp\/v2\/tags?post=1649"}],"curies":[{"name":"wp","href":"https:\/\/api.w.org\/{rel}","templated":true}]}}