{"id":16487,"date":"2020-11-30T03:45:00","date_gmt":"2020-11-30T03:45:00","guid":{"rendered":"https:\/\/www.radiopresidenteibanez.cl\/web\/?p=16487"},"modified":"2020-11-29T17:07:21","modified_gmt":"2020-11-29T17:07:21","slug":"comision-turismo-del-core-se-reunio-con-intendenta-seremis-y-directores-de-servicios-para-analizar-estrategias-de-apoyo-a-la-economia-y-el-turismo","status":"publish","type":"post","link":"https:\/\/www.radiopresidenteibanez.cl\/web\/comision-turismo-del-core-se-reunio-con-intendenta-seremis-y-directores-de-servicios-para-analizar-estrategias-de-apoyo-a-la-economia-y-el-turismo\/","title":{"rendered":"COMISI\u00d3N TURISMO DEL CORE SE REUNI\u00d3 CON INTENDENTA, SEREMIS Y DIRECTORES DE SERVICIOS PARA ANALIZAR ESTRATEGIAS DE APOYO A LA ECONOM\u00cdA Y EL TURISMO"},"content":{"rendered":"\n<p>Con el objetivo analizar\nestrategias e instrumentos de apoyo a la econom\u00eda y el Turismo en Magallanes,\nla comisi\u00f3n Turismo y Relaciones Internacionales del Consejo Regional, se\nreuni\u00f3 este mi\u00e9rcoles a trav\u00e9s de videoconferencia con la Intendenta, Jennifer\nRojas, el administrador regional, Jos\u00e9 Barr\u00eda, la seremi de Econom\u00eda, Natalia\nEaston, el seremi (s) de Salud, Eduardo Castillo, la directora regional de\nSernatur, Ximena Castro y el director regional de CORFO, Marcelo Canobra. <\/p>\n\n\n\n<p>Los consejeros y consejeras definieron\nla instancia como una jornada muy provechosa en la cual lograron plantear inquietudes\ndesde las provincias e ilustrarse respecto al plan de reactivaci\u00f3n econ\u00f3mica y &nbsp;los instrumentos de apoyo dirigidos a los sectores\nque se han visto golpeados a causa de la pandemia, particularmente del sector\nTurismo.<\/p>\n\n\n\n<p>En la oportunidad, el presidente\nde la comisi\u00f3n Turismo, Emilio Boccazzi, reiter\u00f3 la necesidad de apalancar m\u00e1s recursos\ndesde el nivel central a fin de que \u201clos fondos &nbsp;regionales rindan el m\u00e1ximo provecho\u201d y\nsolicit\u00f3 fortalecer el turismo invernal, \u201ccuando pasemos a la fase dos o tres,\ndebemos impulsar programas que motiven a los magall\u00e1nicos a hacer turismo en la\nregi\u00f3n y as\u00ed apoyar los emprendimientos e ir en salvataje de las empresas\u201d.<\/p>\n\n\n\n<p>Por su parte el consejero de \u00daltima\nEsperanza, Tolentino Soto, plante\u00f3 que es urgente desarrollar un an\u00e1lisis y protocolo\nacorde a la realidad local en \u00e9poca de cuarentena \u201clos protocolos deben ser m\u00e1s\nque una operaci\u00f3n matem\u00e1tica hecha en Santiago cuando aqu\u00ed la realidad es otra.\nLos pasos a seguir deben abordarse desde las localidades ya que se est\u00e1\nproduciendo un da\u00f1o muy grande al sector gastron\u00f3mico y el tejido econ\u00f3mico en\nsu conjunto\u201d.<\/p>\n\n\n\n<p>El consejero Soto tambi\u00e9n se\nrefiri\u00f3 a las manifestaciones de vecinos que los \u00faltimos d\u00edas se han tomado la\nRuta 9 e hizo un llamado a no romper el di\u00e1logo entre autoridades y\nmanifestantes \u201cno debemos caer en descalificaciones que no aportan en nada a la\nsoluci\u00f3n del problema\u201d. &nbsp;Asimismo expres\u00f3\nsu preocupaci\u00f3n por la dif\u00edcil situaci\u00f3n que atraviesan m\u00e1s de dos mil familias\nque no han podido cobrar sus pensiones en R\u00edo Turbio durante los \u00faltimos ocho\nmeses \u201chay problemas graves porque estamos hablando de necesidades inmediatas. Vemos\ncon buenos ojos como abrieron el aeropuerto en Santiago y sin embargo nosotros\nno hemos podido dar respuesta a estas familias. Tenemos que seguir haciendo\nesfuerzos\u201d, insisti\u00f3. <\/p>\n\n\n\n<p>En tanto el consejero de la\nprovincia Ant\u00e1rtica, Marcelo Garrido, junto con destacar la buena disposici\u00f3n\nde la Intendenta coment\u00f3 \u201cvemos como se est\u00e1n dando pasos efectivos para salir adelante\nen la dif\u00edcil situaci\u00f3n que nos afecta. Se nos mostr\u00f3 la planificaci\u00f3n para\nreactivar el turismo, las hostales y los negocios relacionados al \u00e1rea. Sin\nembargo, expres\u00e9 mi preocupaci\u00f3n en cuanto a&nbsp;\nque se mencionaron algunas obras que est\u00e1n detenidas como el muelle\nMultiprop\u00f3sito de Puerto Williams, ya que la empresa constructora se est\u00e1 reorganizando,\nlo cual es lamentable porque representa un gran impulso al desarrollo de la\nprovincia. Lo mismo ocurre con el camino Vicu\u00f1a Yendegaia\u201d. <\/p>\n\n\n\n<p>Finalmente el consejero de la\nprovincia Tierra del Fuego, Andr\u00e9s L\u00f3pez, se\u00f1al\u00f3 que fue una reuni\u00f3n importante\nya que se lograron aunar criterios y se dio a conocer un programa de reactivaci\u00f3n\n\u201csi bien se han entregado ayudas, me parece que el a\u00f1o 2021 debemos ir con algo\nmucho m\u00e1s fuerte para llegar a las comunas m\u00e1s afectadas\u201d, afirm\u00f3.<\/p>\n\n\n\n<p>Por otro lado \u201cest\u00e1 muy bien la\npropuesta de aumentar los recursos para iniciativas FRIL de seis mil a ocho mil\nmillones ya que eso significar\u00e1 m\u00e1s absorci\u00f3n de mano de obra y tambi\u00e9n lo es, abrir\nuna ventana a la entrega de recursos 6% FNDR para Deporte y Cultura ya que este\na\u00f1o se centraliz\u00f3 en lo Social. Esperamos el segundo semestre del pr\u00f3ximo a\u00f1o\ntener alg\u00fan tipo de actividad presencial y si no es as\u00ed ser\u00e1 de forma virtual.\nNo olvidemos que hay muchos j\u00f3venes que compiten, como es el caso de Jhostyn\nMiranda, campe\u00f3n nacional de tenis de mesa quien necesita viajar a Alemania\npara seguir capacit\u00e1ndose y entrenando al m\u00e1s alto nivel\u201d, concluy\u00f3 el\nconsejero L\u00f3pez. <\/p>\n","protected":false},"excerpt":{"rendered":"<p>Con el objetivo analizar estrategias e instrumentos de apoyo a la econom\u00eda y el Turismo en Magallanes, la comisi\u00f3n Turismo y Relaciones Internacionales del Consejo Regional, se reuni\u00f3 este mi\u00e9rcoles&#8230; <a class=\"read-more\" href=\"https:\/\/www.radiopresidenteibanez.cl\/web\/comision-turismo-del-core-se-reunio-con-intendenta-seremis-y-directores-de-servicios-para-analizar-estrategias-de-apoyo-a-la-economia-y-el-turismo\/\">Leer m\u00e1s<\/a><\/p>\n","protected":false},"author":2,"featured_media":16488,"comment_status":"closed","ping_status":"closed","sticky":false,"template":"","format":"standard","meta":{"footnotes":""},"categories":[1],"tags":[],"class_list":["post-16487","post","type-post","status-publish","format-standard","has-post-thumbnail","hentry","category-cronica"],"_links":{"self":[{"href":"https:\/\/www.radiopresidenteibanez.cl\/web\/wp-json\/wp\/v2\/posts\/16487","targetHints":{"allow":["GET"]}}],"collection":[{"href":"https:\/\/www.radiopresidenteibanez.cl\/web\/wp-json\/wp\/v2\/posts"}],"about":[{"href":"https:\/\/www.radiopresidenteibanez.cl\/web\/wp-json\/wp\/v2\/types\/post"}],"author":[{"embeddable":true,"href":"https:\/\/www.radiopresidenteibanez.cl\/web\/wp-json\/wp\/v2\/users\/2"}],"replies":[{"embeddable":true,"href":"https:\/\/www.radiopresidenteibanez.cl\/web\/wp-json\/wp\/v2\/comments?post=16487"}],"version-history":[{"count":0,"href":"https:\/\/www.radiopresidenteibanez.cl\/web\/wp-json\/wp\/v2\/posts\/16487\/revisions"}],"wp:featuredmedia":[{"embeddable":true,"href":"https:\/\/www.radiopresidenteibanez.cl\/web\/wp-json\/wp\/v2\/media\/16488"}],"wp:attachment":[{"href":"https:\/\/www.radiopresidenteibanez.cl\/web\/wp-json\/wp\/v2\/media?parent=16487"}],"wp:term":[{"taxonomy":"category","embeddable":true,"href":"https:\/\/www.radiopresidenteibanez.cl\/web\/wp-json\/wp\/v2\/categories?post=16487"},{"taxonomy":"post_tag","embeddable":true,"href":"https:\/\/www.radiopresidenteibanez.cl\/web\/wp-json\/wp\/v2\/tags?post=16487"}],"curies":[{"name":"wp","href":"https:\/\/api.w.org\/{rel}","templated":true}]}}