{"id":16484,"date":"2020-11-30T03:30:00","date_gmt":"2020-11-30T03:30:00","guid":{"rendered":"https:\/\/www.radiopresidenteibanez.cl\/web\/?p=16484"},"modified":"2020-11-29T17:05:18","modified_gmt":"2020-11-29T17:05:18","slug":"gasco-magallanes-reinicia-atencion-presencial-en-punta-arenas","status":"publish","type":"post","link":"https:\/\/www.radiopresidenteibanez.cl\/web\/gasco-magallanes-reinicia-atencion-presencial-en-punta-arenas\/","title":{"rendered":"GASCO MAGALLANES REINICIA ATENCI\u00d3N PRESENCIAL EN PUNTA ARENAS"},"content":{"rendered":"\n<p><br>A partir del lunes 30 de noviembre, Gasco Magallanes reiniciar\u00e1 la atenci\u00f3n presencial de sus clientes en Punta Arenas con la apertura de la sucursal ubicada en calle OHiggins 860. La empresa recibir\u00e1 las consultas generales, tr\u00e1mites y pagos de sus clientes desde las 9 a las 13 horas, de lunes a viernes.<\/p>\n\n\n\n<p>Los clientes que asistan a la sucursal debe portar el permiso correspondiente el que puede ser solicitado al ingreso de la oficina comercial.<\/p>\n\n\n\n<p>Con el prop\u00f3sito de cuidar la salud de los trabajadores y clientes, Gasco Magallanes reiter\u00f3 la necesidad de que las personas que asistan a la sucursal deben hacerlo con mascarilla y respetando el distanciamiento entre las personas para evitar contagios de covid-19.<\/p>\n\n\n\n<p>Se record\u00f3 tambi\u00e9n que, aquellos clientes que prefieran los canales remotos pueden hacerlo a trav\u00e9s de la web&nbsp;<a href=\"http:\/\/www.gascomagallanes.cl\/\" target=\"_blank\" rel=\"noreferrer noopener\">www.gascomagallanes.cl<\/a><\/p>\n","protected":false},"excerpt":{"rendered":"<p>A partir del lunes 30 de noviembre, Gasco Magallanes reiniciar\u00e1 la atenci\u00f3n presencial de sus clientes en Punta Arenas con la apertura de la sucursal ubicada en calle OHiggins 860&#8230;. <a class=\"read-more\" href=\"https:\/\/www.radiopresidenteibanez.cl\/web\/gasco-magallanes-reinicia-atencion-presencial-en-punta-arenas\/\">Leer m\u00e1s<\/a><\/p>\n","protected":false},"author":2,"featured_media":16485,"comment_status":"closed","ping_status":"closed","sticky":false,"template":"","format":"standard","meta":{"footnotes":""},"categories":[1],"tags":[],"class_list":["post-16484","post","type-post","status-publish","format-standard","has-post-thumbnail","hentry","category-cronica"],"_links":{"self":[{"href":"https:\/\/www.radiopresidenteibanez.cl\/web\/wp-json\/wp\/v2\/posts\/16484","targetHints":{"allow":["GET"]}}],"collection":[{"href":"https:\/\/www.radiopresidenteibanez.cl\/web\/wp-json\/wp\/v2\/posts"}],"about":[{"href":"https:\/\/www.radiopresidenteibanez.cl\/web\/wp-json\/wp\/v2\/types\/post"}],"author":[{"embeddable":true,"href":"https:\/\/www.radiopresidenteibanez.cl\/web\/wp-json\/wp\/v2\/users\/2"}],"replies":[{"embeddable":true,"href":"https:\/\/www.radiopresidenteibanez.cl\/web\/wp-json\/wp\/v2\/comments?post=16484"}],"version-history":[{"count":0,"href":"https:\/\/www.radiopresidenteibanez.cl\/web\/wp-json\/wp\/v2\/posts\/16484\/revisions"}],"wp:featuredmedia":[{"embeddable":true,"href":"https:\/\/www.radiopresidenteibanez.cl\/web\/wp-json\/wp\/v2\/media\/16485"}],"wp:attachment":[{"href":"https:\/\/www.radiopresidenteibanez.cl\/web\/wp-json\/wp\/v2\/media?parent=16484"}],"wp:term":[{"taxonomy":"category","embeddable":true,"href":"https:\/\/www.radiopresidenteibanez.cl\/web\/wp-json\/wp\/v2\/categories?post=16484"},{"taxonomy":"post_tag","embeddable":true,"href":"https:\/\/www.radiopresidenteibanez.cl\/web\/wp-json\/wp\/v2\/tags?post=16484"}],"curies":[{"name":"wp","href":"https:\/\/api.w.org\/{rel}","templated":true}]}}