{"id":16481,"date":"2020-11-30T03:15:00","date_gmt":"2020-11-30T03:15:00","guid":{"rendered":"https:\/\/www.radiopresidenteibanez.cl\/web\/?p=16481"},"modified":"2020-11-29T17:01:49","modified_gmt":"2020-11-29T17:01:49","slug":"fortalecen-fiscalizaciones-al-comercio-para-evitar-contagios-y-resguardar-la-seguridad-de-trabajadores-y-clientes","status":"publish","type":"post","link":"https:\/\/www.radiopresidenteibanez.cl\/web\/fortalecen-fiscalizaciones-al-comercio-para-evitar-contagios-y-resguardar-la-seguridad-de-trabajadores-y-clientes\/","title":{"rendered":"FORTALECEN FISCALIZACIONES AL COMERCIO PARA EVITAR CONTAGIOS Y RESGUARDAR LA SEGURIDAD DE TRABAJADORES Y CLIENTES"},"content":{"rendered":"\n<p>Una jornada matutina de fiscalizaci\u00f3n se llev\u00f3 a cabo hoy s\u00e1bado en Zona Franca, hasta donde llegaron autoridades de Salud, Trabajo, Seguridad P\u00fablica y PDI, con el objetivo de resguardar el cumplimiento de las normas sanitarias y laborales en el comercio, y de ese modo reducir los riesgos de contagio y brotes de Covid-19, y controlar factores que propicien la movilidad no esencial de las personas.<\/p>\n\n\n\n<p>Durante la semana pasada se puso en marcha un plan especial para Magallanes, dise\u00f1ado a nivel local junto a las subsecretar\u00edas de Salud y Prevenci\u00f3n del Delito, donde se acord\u00f3 efectuar el m\u00e1ximo esfuerzo durante los pr\u00f3ximos 15 d\u00edas reforzando la trazabilidad, b\u00fasqueda activa de casos y fiscalizaci\u00f3n, con miras a reducir los indicadores y poder dejar atr\u00e1s la fase 1.<\/p>\n\n\n\n<p>En el operativo de hoy participaron el jefe del programa Denuncia Seguro, Sebasti\u00e1n Delm\u00e1s; coordinadora regional de Seguridad P\u00fablica, Pamela Flores; seremi del Trabajo, Victoria Cort\u00e9s; seremi de Salud (s) Eduardo Castillo; seremi de Hacienda, Lil Garc\u00e9s; jefe prefectura provincial Magallanes de la PDI, prefecto Juan Suazo, y el director regional del Trabajo, Carlo Gorziglia, quienes acudieron al establecimiento S\u00e1nchez y S\u00e1nchez e ingresaron al m\u00f3dulo central de Zona Franca, verificando el n\u00famero de tiendas abiertas, rubros y situaciones que deber\u00e1n ser analizadas y corregidas en su m\u00e9rito.<\/p>\n\n\n\n<p>El jefe del programa Denuncia Seguro de la Subsecretar\u00eda de Prevenci\u00f3n del Delito, Sebasti\u00e1n Delm\u00e1s, explic\u00f3 que \u201cnos encontramos en Zona Franca de Punta Arenas, realizamos una primera fiscalizaci\u00f3n a la empresa S\u00e1nchez y S\u00e1nchez, esto se efectu\u00f3 acompa\u00f1ado de un equipo intersectorial, y el objetivo de esto es tratar de hacer el \u00faltimo esfuerzo, queremos hacer un llamado a toda la gente de Punta Arenas, a que seamos responsables durante las pr\u00f3ximas dos semanas, nosotros vamos a estar fiscalizando, vamos a asegurarnos que las empresas que abran sean las catalogadas como esenciales, y sobre todo, se cumpla con las normativas laborales y sanitarias al interior. No queremos que las empresas sean un foco de contagio para la poblaci\u00f3n, y esperamos lo antes posible que Punta Arenas pueda avanzar a una posible fase 2\u201d.<\/p>\n\n\n\n<p>Por su parte, la coordinadora regional de Seguridad P\u00fablica, Pamela Flores, inform\u00f3 que estos operativos multisectoriales se mantendr\u00e1n y aumentar\u00e1n especialmente durante los pr\u00f3ximos d\u00edas, porque \u201cel objetivo que debemos lograr es reducir todos los \u00edndices que no nos han permitido salir de la cuarentena. Sabemos que han sido meses muy dif\u00edciles, pero este m\u00e1ximo esfuerzo que debemos hacer estos d\u00edas solo busca poder demostrar que la situaci\u00f3n sanitaria en Punta Arenas y Natales ha mejorado lo suficiente para pasar a fase 2. Para esto necesitamos la colaboraci\u00f3n de todas las personas, desde su quehacer, desde su posici\u00f3n, llamamos al autocuidado y evitar las salidas innecesarias que significan riesgo de contagio\u201d, enfatiz\u00f3 la autoridad.<\/p>\n\n\n\n<p>El seremi (s) de Salud, Eduardo Castillo, coment\u00f3 en la jornada que \u201cestamos fortaleciendo el proceso de fiscalizaci\u00f3n que ya llevamos hace un tiempo con la Polic\u00eda de Investigaciones y la Direcci\u00f3n del Trabajo, pero queremos durante estas dos semanas tener un impulso distinto, mucho mayor, para aumentar las fiscalizaciones, en primer lugar, para centrarlas en lo que se refiere a dar seguridad tanto a los trabajadores como a los clientes y usuarios, asegurar el uso de mascarillas, el distanciamiento, el aforo, la seguridad en los lugares de comedores, y todas las medidas en estas dos semanas de trabajo m\u00e1s intenso que queremos tener, nos ayuden a poder reducir la movilidad y, sobre todo, el riesgo de contagio, y as\u00ed poder salir de la cuarentena\u201d, detall\u00f3 la autoridad.<\/p>\n\n\n\n<p>Desde la perspectiva de Trabajo, la seremi de la cartera, Victoria Cort\u00e9s, manifest\u00f3 que esta salida en conjunto tuvo el objeto de \u201cpoder verificar en terreno el cumplimiento de las normas de Salud, la normativa laboral y las normas restrictivas especiales que aplican en Magallanes, considerando que en la comuna de Punta Arenas estamos en la etapa 1 de cuarentena. En este sentido este tipo de salidas nos permiten tomar contacto con la ciudadan\u00eda, conocer de primera fuente cu\u00e1les son sus impresiones y seguir trabajando para salir lo antes posible de esta etapa tan complicada\u201d.<\/p>\n\n\n\n<p>Finalmente, el jefe de la Prefectura Provincial Magallanes de la PDI, prefecto Juan Suazo, afirm\u00f3 que como instituci\u00f3n han efectuado cientos de controles a nivel regional en el marco de la pandemia, y en esta ocasi\u00f3n se est\u00e1 contribuyendo a la fiscalizaci\u00f3n de la autoridad sanitaria, e hizo un llamado a la comunidad para que \u201cen caso de conocer antecedentes de alguna situaci\u00f3n, de un delito en contra de la salud p\u00fablica, lo haga llegar a nuestra instituci\u00f3n a trav\u00e9s de los distintos canales, en este caso, del sitio web&nbsp;<a href=\"http:\/\/www.pdichile.cl\/\" target=\"_blank\" rel=\"noreferrer noopener\">www.pdichile.cl<\/a>&nbsp;o bien dirigirse a nuestros cuarteles ubicados en la zona\u201d.<\/p>\n\n\n\n<p>Estos operativos intersectoriales se replicar\u00e1n con mayor frecuencia durante los pr\u00f3ximos quince d\u00edas, con el objetivo de conseguir la reducci\u00f3n de los \u00edndices sanitarios, y as\u00ed poder avanzar a fase 2 con todos los respaldos para la salud de las personas.<\/p>\n","protected":false},"excerpt":{"rendered":"<p>Una jornada matutina de fiscalizaci\u00f3n se llev\u00f3 a cabo hoy s\u00e1bado en Zona Franca, hasta donde llegaron autoridades de Salud, Trabajo, Seguridad P\u00fablica y PDI, con el objetivo de resguardar&#8230; <a class=\"read-more\" href=\"https:\/\/www.radiopresidenteibanez.cl\/web\/fortalecen-fiscalizaciones-al-comercio-para-evitar-contagios-y-resguardar-la-seguridad-de-trabajadores-y-clientes\/\">Leer m\u00e1s<\/a><\/p>\n","protected":false},"author":2,"featured_media":16482,"comment_status":"closed","ping_status":"closed","sticky":false,"template":"","format":"standard","meta":{"footnotes":""},"categories":[1],"tags":[],"class_list":["post-16481","post","type-post","status-publish","format-standard","has-post-thumbnail","hentry","category-cronica"],"_links":{"self":[{"href":"https:\/\/www.radiopresidenteibanez.cl\/web\/wp-json\/wp\/v2\/posts\/16481","targetHints":{"allow":["GET"]}}],"collection":[{"href":"https:\/\/www.radiopresidenteibanez.cl\/web\/wp-json\/wp\/v2\/posts"}],"about":[{"href":"https:\/\/www.radiopresidenteibanez.cl\/web\/wp-json\/wp\/v2\/types\/post"}],"author":[{"embeddable":true,"href":"https:\/\/www.radiopresidenteibanez.cl\/web\/wp-json\/wp\/v2\/users\/2"}],"replies":[{"embeddable":true,"href":"https:\/\/www.radiopresidenteibanez.cl\/web\/wp-json\/wp\/v2\/comments?post=16481"}],"version-history":[{"count":0,"href":"https:\/\/www.radiopresidenteibanez.cl\/web\/wp-json\/wp\/v2\/posts\/16481\/revisions"}],"wp:featuredmedia":[{"embeddable":true,"href":"https:\/\/www.radiopresidenteibanez.cl\/web\/wp-json\/wp\/v2\/media\/16482"}],"wp:attachment":[{"href":"https:\/\/www.radiopresidenteibanez.cl\/web\/wp-json\/wp\/v2\/media?parent=16481"}],"wp:term":[{"taxonomy":"category","embeddable":true,"href":"https:\/\/www.radiopresidenteibanez.cl\/web\/wp-json\/wp\/v2\/categories?post=16481"},{"taxonomy":"post_tag","embeddable":true,"href":"https:\/\/www.radiopresidenteibanez.cl\/web\/wp-json\/wp\/v2\/tags?post=16481"}],"curies":[{"name":"wp","href":"https:\/\/api.w.org\/{rel}","templated":true}]}}