{"id":16478,"date":"2020-11-30T03:00:00","date_gmt":"2020-11-30T03:00:00","guid":{"rendered":"https:\/\/www.radiopresidenteibanez.cl\/web\/?p=16478"},"modified":"2020-11-29T16:57:39","modified_gmt":"2020-11-29T16:57:39","slug":"2-200-mujeres-de-magallanes-han-transitado-por-las-diferentes-rutas-de-aprendizaje-y-talleres-de-prodemu-durante-este-ano","status":"publish","type":"post","link":"https:\/\/www.radiopresidenteibanez.cl\/web\/2-200-mujeres-de-magallanes-han-transitado-por-las-diferentes-rutas-de-aprendizaje-y-talleres-de-prodemu-durante-este-ano\/","title":{"rendered":"2.200 MUJERES DE MAGALLANES HAN TRANSITADO POR LAS DIFERENTES RUTAS DE APRENDIZAJE Y TALLERES DE PRODEMU DURANTE ESTE A\u00d1O"},"content":{"rendered":"\n<p>Este 28 de\nnoviembre, la Fundaci\u00f3n para la Promoci\u00f3n y Desarrollo de la Mujer PRODEMU,\nperteneciente a la Red de Fundaciones de la Presidencia de la Rep\u00fablica, que\nlidera&nbsp;Cecilia Morel&nbsp;M.,\ncumple 30 a\u00f1os de historia desde que abri\u00f3 un espacio para escuchar y definir\nacciones respecto de las necesidades, requerimientos y demandas de las mujeres.<\/p>\n\n\n\n<p>As\u00ed, esta\nInstituci\u00f3n ha facilitado la participaci\u00f3n,\u202forganizaci\u00f3n&nbsp;y el\ndesarrollo integral, promoviendo su empoderamiento y autonom\u00eda de las mujeres,\nimpuls\u00e1ndolas a alcanzar&nbsp;una\u202fmejor&nbsp;calidad\nde&nbsp;vida.<\/p>\n\n\n\n<p><br>\nPaola Diez, Directora Nacional de PRODEMU, cuenta que\n\u201cPRODEMU busca, desde su fundaci\u00f3n, impulsar a las mujeres a salir del espacio\nprivado de su hogar e integrarlas al desarrollo del pa\u00eds. Nuestro trabajo es\nformar, informar de sus derechos, acompa\u00f1ar, y escuchar a las mujeres\u201d.\n\u201cPRODEMU hoy se constituye como una Red Para La Autonom\u00eda de la Mujer, siendo\nlas mismas mujeres&nbsp;las que declaran que es el primer paso para su\ndesarrollo y empoderamiento\u201d.<\/p>\n\n\n\n<p>Durante estos\n30 a\u00f1os, PRODEMU ha hecho visible diferentes aspectos de las mujeres\ndesarrollando su creatividad, capacidad de asociatividad, autonom\u00edas,\nemprendimiento, capacidad organizacional y de liderazgo, su \u00e1rea productiva, el\nintegrarse a oficios masculinizados, fomentar la corresponsabilidad familiar,\nentre otras dimensiones.&nbsp;<\/p>\n\n\n\n<p>En su rol de\npresidenta del Directorio, la Primera Dama, Cecilia Morel, quiso destacar que\n\u201cen la pandemia, un a\u00f1o dif\u00edcil para todas y todos, PRODEMU no baj\u00f3 los brazos y\nsigui\u00f3 acompa\u00f1ando a las mujeres, entre ellas, un alto porcentaje mujeres de la\ntercera edad, incentivando su empoderamiento digital, entreg\u00e1ndoles celulares,\nconectividad y capacitaci\u00f3n para que puedan comunicarse con sus seres queridos\ny no quedaran completamente aislados\u201d.&nbsp;<\/p>\n\n\n\n<p><br>\nActualmente, PRODEMU est\u00e1 presente en las 16\nregiones&nbsp;y 53 provincias a lo largo de todo Chile, trabajando con m\u00e1s de\n60 mil mujeres al a\u00f1o.&nbsp; <\/p>\n\n\n\n<p>En la regi\u00f3n\nde Magallanes y de la Ant\u00e1rtica Chilena, PRODEMU est\u00e1 presente en 3 de sus 4\nprovincias: Tierra del Fuego, Ultima Esperanza y Magallanes, presencia\nconformada por un equipo de profesionales y personal de apoyo liderado por sus\nCoordinadoras Provinciales: Vielka Torrez Rodr\u00edguez en Ultima Esperanza \u2013\nAng\u00e9lica Letelier Yepsen en Tierra del Fuego.<\/p>\n\n\n\n<p>La directora\nregional y provincial de Magallanes, Gabriela S\u00e1nchez Ca\u00f1ete relev\u00f3 la\nparticipaci\u00f3n de m\u00e1s de 2.200 mujeres de la regi\u00f3n que durante este a\u00f1o 2020\nhan transitado por las diferentes rutas de aprendizaje, recibiendo talleres de\nformaci\u00f3n y jornadas informativas mediante espacios de interacci\u00f3n virtual. <\/p>\n\n\n\n<p>\u201cA todas\nellas, les env\u00edo un abrazo afectuoso y las insto a incorporarse activamente a\nla RED PRODEMU, red para la autonom\u00eda de las mujeres. Estoy muy orgullosa y muy\nfeliz de ser parte de esta gran familia PRODEMU, destacar el profesionalismo y\ncompromiso de cada uno y una de las trabajadoras y trabajadores que integran mi\nequipo de trabajo, junto al cual, ha sido posible desplegar nuestro trabajo\nterritorial, especialmente en el actual contexto de pandemia, en que hemos\npotenciado nuestra continuidad program\u00e1tica con nuevas iniciativas ajustadas a\nlas necesidades y realidad que hoy, las mujeres de mi regi\u00f3n est\u00e1n viviendo\u201d,\nmanifest\u00f3 S\u00e1nchez.<\/p>\n\n\n\n<p>PRODEMU ha ido\na la vanguardia, adaptando su l\u00ednea formativa a las necesidades actuales de las\nmujeres. Ante la contingencia del COVID 19, redise\u00f1\u00f3 sus&nbsp;rutas de\naprendizaje&nbsp;al formato digital, logrando llegar a m\u00e1s mujeres, pese al\naislamiento, potenciando su desarrollo personal, entreg\u00e1ndoles herramientas y\ncompetencias digitales para usos comunicacionales, sociales, para capacitarse, para\nla b\u00fasqueda de empleo y&nbsp;fomento de sus emprendimientos. <\/p>\n\n\n\n<p><strong>Creaci\u00f3n\nde Centros <\/strong><\/p>\n\n\n\n<p>En el marco de\neste aniversario, se crea el Centro de Estudios de G\u00e9nero PRODEMU, el que tiene\npor objeto la realizaci\u00f3n de estudios, evaluaciones y recopilaci\u00f3n de datos de\nlas mujeres en Chile, siendo tambi\u00e9n un espacio de consulta p\u00fablica, entregando\ninformaci\u00f3n en base a investigaci\u00f3n con enfoque de g\u00e9nero y metodolog\u00edas\ncuantitativas y cualitativas. <\/p>\n\n\n\n<p>Durante la\npandemia, el Centro de Estudios cumpli\u00f3 un rol clave, recabando la informaci\u00f3n,\npermitiendo a PRODEMU estar al tanto respecto al sentir de las mujeres mientras\navanza la crisis sanitaria y social, pudiendo desarrollar programas adaptados a\nla situaci\u00f3n que atraviesa el pa\u00eds.&nbsp;<br>\nPor otro lado, PRODEMU inaugura, el Centro de Documentaci\u00f3n y Biblioteca\nde PRODEMU (CDOC), el que recopila los documentos institucionales y objetos\nrelevantes de la historia de la instituci\u00f3n, adem\u00e1s, de conformar&nbsp;una\nbiblioteca abierta al p\u00fablico, con literatura general con enfoque de g\u00e9nero,\nart\u00edculos y ensayos de estudio nacional e internacional&nbsp;y una colecci\u00f3n de\nbibliograf\u00eda sobre la mujer.&nbsp;\n\n\n\n<\/p>\n","protected":false},"excerpt":{"rendered":"<p>Este 28 de noviembre, la Fundaci\u00f3n para la Promoci\u00f3n y Desarrollo de la Mujer PRODEMU, perteneciente a la Red de Fundaciones de la Presidencia de la Rep\u00fablica, que lidera&nbsp;Cecilia Morel&nbsp;M.,&#8230; <a class=\"read-more\" href=\"https:\/\/www.radiopresidenteibanez.cl\/web\/2-200-mujeres-de-magallanes-han-transitado-por-las-diferentes-rutas-de-aprendizaje-y-talleres-de-prodemu-durante-este-ano\/\">Leer m\u00e1s<\/a><\/p>\n","protected":false},"author":2,"featured_media":16479,"comment_status":"closed","ping_status":"closed","sticky":false,"template":"","format":"standard","meta":{"footnotes":""},"categories":[1],"tags":[],"class_list":["post-16478","post","type-post","status-publish","format-standard","has-post-thumbnail","hentry","category-cronica"],"_links":{"self":[{"href":"https:\/\/www.radiopresidenteibanez.cl\/web\/wp-json\/wp\/v2\/posts\/16478","targetHints":{"allow":["GET"]}}],"collection":[{"href":"https:\/\/www.radiopresidenteibanez.cl\/web\/wp-json\/wp\/v2\/posts"}],"about":[{"href":"https:\/\/www.radiopresidenteibanez.cl\/web\/wp-json\/wp\/v2\/types\/post"}],"author":[{"embeddable":true,"href":"https:\/\/www.radiopresidenteibanez.cl\/web\/wp-json\/wp\/v2\/users\/2"}],"replies":[{"embeddable":true,"href":"https:\/\/www.radiopresidenteibanez.cl\/web\/wp-json\/wp\/v2\/comments?post=16478"}],"version-history":[{"count":0,"href":"https:\/\/www.radiopresidenteibanez.cl\/web\/wp-json\/wp\/v2\/posts\/16478\/revisions"}],"wp:featuredmedia":[{"embeddable":true,"href":"https:\/\/www.radiopresidenteibanez.cl\/web\/wp-json\/wp\/v2\/media\/16479"}],"wp:attachment":[{"href":"https:\/\/www.radiopresidenteibanez.cl\/web\/wp-json\/wp\/v2\/media?parent=16478"}],"wp:term":[{"taxonomy":"category","embeddable":true,"href":"https:\/\/www.radiopresidenteibanez.cl\/web\/wp-json\/wp\/v2\/categories?post=16478"},{"taxonomy":"post_tag","embeddable":true,"href":"https:\/\/www.radiopresidenteibanez.cl\/web\/wp-json\/wp\/v2\/tags?post=16478"}],"curies":[{"name":"wp","href":"https:\/\/api.w.org\/{rel}","templated":true}]}}