{"id":16475,"date":"2020-11-30T02:45:00","date_gmt":"2020-11-30T02:45:00","guid":{"rendered":"https:\/\/www.radiopresidenteibanez.cl\/web\/?p=16475"},"modified":"2020-11-29T16:53:32","modified_gmt":"2020-11-29T16:53:32","slug":"con-mas-de-70-participantes-se-realizo-la-1ra-feria-digital-de-investigacion-e-innovacion-escolar","status":"publish","type":"post","link":"https:\/\/www.radiopresidenteibanez.cl\/web\/con-mas-de-70-participantes-se-realizo-la-1ra-feria-digital-de-investigacion-e-innovacion-escolar\/","title":{"rendered":"CON M\u00c1S DE 70 PARTICIPANTES SE REALIZ\u00d3 LA 1RA FERIA DIGITAL DE INVESTIGACI\u00d3N E INNOVACI\u00d3N ESCOLAR"},"content":{"rendered":"\n<p>Este viernes se desarroll\u00f3 la socializaci\u00f3n de los trabajos\ninvestigativos realizados por escolares magall\u00e1nicos de primero b\u00e1sico a cuarto\nmedio, a trav\u00e9s de la \u201c1ra Feria Digital de Investigaci\u00f3n e Innovaci\u00f3n Escolar\n2020\u201d. Fueron cerca de 15 proyectos de 10 establecimientos de toda la regi\u00f3n\nque se hicieron parte de este evento. <\/p>\n\n\n\n<p>Debido a la contingencia sanitaria, el tradicional Congreso Regional\nEscolar de las Ciencias y la Tecnolog\u00eda organizado cada a\u00f1o por PAR Explora\nMagallanes &#8211; perteneciente al Ministerio de Ciencia, Tecnolog\u00eda, Conocimiento e\nInnovaci\u00f3n- no pudo realizarse,&nbsp; de ah\u00ed\nque el proyecto ejecutado por la Universidad de Magallanes decidiera\nimplementar esta iniciativa en formato digital para que las y los m\u00e1s de 70\nparticipantes pudiesen presentar sus trabajos de investigaci\u00f3n. <\/p>\n\n\n\n<p>\u201cAfortunadamente para nosotros, las y los profesores asumieron el\ndesaf\u00edo de seguir en Investigaci\u00f3n e Innovaci\u00f3n Escolar, y muchos estudiantes\ntambi\u00e9n se hicieron parte de este proceso. Hicimos acompa\u00f1amientos mensuales,\ntuvimos tambi\u00e9n algunos problemas de conexi\u00f3n pero se logr\u00f3 el objetivo que era\nhacer proyectos cient\u00edficos\u201d, explic\u00f3 Claudia Salinas, directora del PAR\nExplora Magallanes<\/p>\n\n\n\n<p>La iniciativa que se ejecut\u00f3 desde mayo hasta finales de octubre,\ncont\u00f3 con capacitaciones, encuentros con asesores cient\u00edficos, acompa\u00f1amientos\na los grupos de investigaci\u00f3n, y entrega de materiales para el desarrollo de\nsus trabajos. La finalizaci\u00f3n de estos fue presentada a trav\u00e9s de Facebook,\ndonde cada equipo mostr\u00f3 una c\u00e1psula audiovisual explicando su proyecto. <\/p>\n\n\n\n<p>\u201cSi bien fue dif\u00edcil, la pandemia nos permiti\u00f3 acercarnos mucho m\u00e1s\na los escolares y sobre todo a los profesores. Conocer m\u00e1s su trabajo y todo lo\nque se esfuerzan. Nos pas\u00f3 muchas veces que se ca\u00edan (debido a la mala se\u00f1al de\nInternet), y eso era complicado. pero cuando se lograba la conexi\u00f3n era s\u00faper\nenriquecedor \u201d, coment\u00f3 Constanza Jim\u00e9nez, encargada de la actividad en la\ncategor\u00eda de primer ciclo b\u00e1sico. <\/p>\n\n\n\n<p>Por su parte, el encargado de la categor\u00eda segundo ciclo b\u00e1sico y\nense\u00f1anza media, Ignacio Soto, asegur\u00f3 que otra pieza fundamental para el\nexitoso cierre de la iniciativa fueron los padres. \u201cEllos tambi\u00e9n se hicieron\nparte de esto y los apoyaron durante todo el proceso. Logramos que ning\u00fan\nparticipante se bajara, todos y todas culminaron sus investigaciones bibliogr\u00e1ficas.\nVer la cara de emoci\u00f3n a trav\u00e9s de las c\u00e1maras me hizo sentir s\u00faper conforme\ndel trabajo realizado como equipo\u201d.&nbsp; <\/p>\n\n\n\n<p>Para Carlos Dur\u00e1n, profesor del Liceo Polivalente Hernando de\nMagallanes de Porvenir, el evento reuni\u00f3 todo lo necesario para un t\u00e9rmino de\nciclo investigativo. \u201cFue una actividad s\u00faper bonita, con \u00e9nfasis en lo digital\nas\u00ed que bien. una buena comunicaci\u00f3n sin perder las bases de la investigaci\u00f3n\ncient\u00edfica por el tema de la pandemia, adaptarse. Y creo que el equipo del\nExplora Magallanes se adapt\u00f3 super bien\u201d. <\/p>\n\n\n\n<p>Karol Pacheco, profesora del Liceo San Jos\u00e9 de Punta Arenas, agreg\u00f3\nque fue satisfactorio ver el trabajo realizado plasmado a trav\u00e9s de la\npresentaci\u00f3n de videos. \u201cMe emocion\u00f3 ver a mis alumnos tan empoderados con sus\ntemas, tan felices y apoy\u00e1ndose entre ellos, fue muy lindo\u201d. <\/p>\n\n\n\n<p>Un cierre de iniciativa distinto y que demostr\u00f3 que la ciencia y la\ntecnolog\u00eda sigue siendo atractiva para la comunidad educativa en Magallanes.\nQuienes deseen revivir la \u201c1ra Feria Digital de Investigaci\u00f3n e Innovaci\u00f3n\nEscolar 2020\u201d, podr\u00e1n acceder a ella en el Fanpage del PAR Explora Magallanes. <\/p>\n","protected":false},"excerpt":{"rendered":"<p>Este viernes se desarroll\u00f3 la socializaci\u00f3n de los trabajos investigativos realizados por escolares magall\u00e1nicos de primero b\u00e1sico a cuarto medio, a trav\u00e9s de la \u201c1ra Feria Digital de Investigaci\u00f3n e&#8230; <a class=\"read-more\" href=\"https:\/\/www.radiopresidenteibanez.cl\/web\/con-mas-de-70-participantes-se-realizo-la-1ra-feria-digital-de-investigacion-e-innovacion-escolar\/\">Leer m\u00e1s<\/a><\/p>\n","protected":false},"author":2,"featured_media":16476,"comment_status":"closed","ping_status":"closed","sticky":false,"template":"","format":"standard","meta":{"footnotes":""},"categories":[1],"tags":[],"class_list":["post-16475","post","type-post","status-publish","format-standard","has-post-thumbnail","hentry","category-cronica"],"_links":{"self":[{"href":"https:\/\/www.radiopresidenteibanez.cl\/web\/wp-json\/wp\/v2\/posts\/16475","targetHints":{"allow":["GET"]}}],"collection":[{"href":"https:\/\/www.radiopresidenteibanez.cl\/web\/wp-json\/wp\/v2\/posts"}],"about":[{"href":"https:\/\/www.radiopresidenteibanez.cl\/web\/wp-json\/wp\/v2\/types\/post"}],"author":[{"embeddable":true,"href":"https:\/\/www.radiopresidenteibanez.cl\/web\/wp-json\/wp\/v2\/users\/2"}],"replies":[{"embeddable":true,"href":"https:\/\/www.radiopresidenteibanez.cl\/web\/wp-json\/wp\/v2\/comments?post=16475"}],"version-history":[{"count":0,"href":"https:\/\/www.radiopresidenteibanez.cl\/web\/wp-json\/wp\/v2\/posts\/16475\/revisions"}],"wp:featuredmedia":[{"embeddable":true,"href":"https:\/\/www.radiopresidenteibanez.cl\/web\/wp-json\/wp\/v2\/media\/16476"}],"wp:attachment":[{"href":"https:\/\/www.radiopresidenteibanez.cl\/web\/wp-json\/wp\/v2\/media?parent=16475"}],"wp:term":[{"taxonomy":"category","embeddable":true,"href":"https:\/\/www.radiopresidenteibanez.cl\/web\/wp-json\/wp\/v2\/categories?post=16475"},{"taxonomy":"post_tag","embeddable":true,"href":"https:\/\/www.radiopresidenteibanez.cl\/web\/wp-json\/wp\/v2\/tags?post=16475"}],"curies":[{"name":"wp","href":"https:\/\/api.w.org\/{rel}","templated":true}]}}