{"id":16472,"date":"2020-11-30T02:30:00","date_gmt":"2020-11-30T02:30:00","guid":{"rendered":"https:\/\/www.radiopresidenteibanez.cl\/web\/?p=16472"},"modified":"2020-11-29T16:37:01","modified_gmt":"2020-11-29T16:37:01","slug":"invitan-a-participar-del-primer-encuentro-de-emprendedoras-de-tierra-del-fuego","status":"publish","type":"post","link":"https:\/\/www.radiopresidenteibanez.cl\/web\/invitan-a-participar-del-primer-encuentro-de-emprendedoras-de-tierra-del-fuego\/","title":{"rendered":"INVITAN A PARTICIPAR DEL PRIMER ENCUENTRO DE EMPRENDEDORAS DE TIERRA DEL FUEGO"},"content":{"rendered":"\n<p>Entregar herramientas que\npotencien el emprendimiento femenino en un territorio tan desafiante como\nTierra del Fuego, es el objetivo del<strong> 1er\nEncuentro de Emprendedoras de Tierra del Fuego, <\/strong>que se desarrollar\u00e1 v\u00eda on\nline el pr\u00f3ximo mi\u00e9rcoles 2 y jueves 3 de diciembre. El evento es organizado\npor la Asociaci\u00f3n de Empresarias y Ejecutivas de Turismo, ASEET Magallanes, en\nconjunto con la direcci\u00f3n regional de SernamEG y el Centro de Formaci\u00f3n T\u00e9cnica\nEstatal de Magallanes.<\/p>\n\n\n\n<p>El lema del evento es \u201cTiempo de\nEmpoderarte\u201d, explica la presidenta de ASEET Magallanes, Yenny Oyarzo. \u201cSabemos\nque este ha sido un a\u00f1o complejo y as\u00ed tambi\u00e9n pudimos compartirlo con las\nmujeres de Tierra del Fuego en el conversatorio que realizamos recientemente.\nPor eso, queremos ayudarlas a prepararse para enfrentar los desaf\u00edos que la\nnueva realidad plantea\u201d, destac\u00f3 Oyarzo. <\/p>\n\n\n\n<p>El primer bloque se realizar\u00e1 el\nmi\u00e9rcoles 2 de diciembre, entre las 17 y las 19 horas, y el enfoque ser\u00e1\nvalorar el aporte&nbsp; del emprendimiento\nfemenino, reflexionar sobre los desaf\u00edos que la pandemia ha impuesto a las\nmujeres y reforzar la necesidad de que los emprendimientos de las mujeres se\nincorporen a la econom\u00eda formal.&nbsp; Para\nello, se contar\u00e1 con las charlas \u201c<strong>La\nimportancia de la mujer en el turismo local<\/strong>\u201d, dictada por la fundadora del\nParque Ping\u00fcino Rey y socia de Aseet, Cecilia Dur\u00e1n. En tanto, desde Barcelona,\nel coach ontol\u00f3gico Brian Walkins dictar\u00e1 la charla <strong>\u201cTiempo de Empoderarte\u201d.<\/strong> Finalmente, la abogada Alejandra Fern\u00e1ndez\nrealizar\u00e1 la charla <strong>\u201cFormalizaci\u00f3n y\nempresa en un d\u00eda\u201d.<\/strong> <\/p>\n\n\n\n<p>El jueves, en el mismo horario,\nel objetivo ser\u00e1 entregar herramientas pr\u00e1cticas para orientar los\nemprendimientos a incorporar las tendencias que hoy el mercado demanda, como\nson la incorporaci\u00f3n de criterios de sustentabilidad. Es as\u00ed que el tema \u201c<strong>Eficiencia energ\u00e9tica\u201d<\/strong> ser\u00e1 abordado\npor Paola Toledo y Juan Carlos Paredes, profesionales de la seremi de Energ\u00eda\nde Magallanes. En tanto, Carolina Arango, quien es experta en innovaci\u00f3n y\ntransferencia tecnol\u00f3gica, dictar\u00e1 la charla <strong>\u201cLa pr\u00e1ctica de la econom\u00eda circular\u201d.<\/strong> Para que las emprendedoras\npuedan adem\u00e1s sumarse a las nuevas formas de comercializaci\u00f3n, Carolina Alarc\u00f3n\ndictar\u00e1 la charla \u201c<strong>C\u00f3mo potenciar tu\nemprendimiento a trav\u00e9s de las redes sociales\u201d.<\/strong><\/p>\n\n\n\n<p>El broche del evento ser\u00e1 la\npresentaci\u00f3n de la <strong>\u201cOferta gubernamental\nde Fomento Productivo\u201d,<\/strong> gracias a la cual las mujeres fueguinas podr\u00e1n\nconocer los fondos que estar\u00e1n disponibles pr\u00f3ximamente para los\nemprendimientos femeninos.<\/p>\n\n\n\n<p>Cabe destacar que entre quienes\nasistan a ambas jornadas, se sortear\u00e1 una asesor\u00eda legal en materias de\nformalizaci\u00f3n y creaci\u00f3n de empresa en un d\u00eda. <\/p>\n\n\n\n<p>La directora regional del\nServicio Nacional de la Mujer y Equidad de G\u00e9nero, Fabiola Garc\u00eda, destac\u00f3 la\ncalidad del programa y el nivel de los expositores. \u201cHa habido especial\npreocupaci\u00f3n por abordar estos temas desde las necesidades de las mujeres de\nTierra del Fuego, acogiendo las inquietudes que nos plantearon en instancias de\ndi\u00e1logo previas que hemos realizado\u201d, destac\u00f3.<\/p>\n\n\n\n<p>Por su parte, Cristian Quezada,\nrector CFT de Magallanes, valor\u00f3 que la alianza establecida entre la\ninstituci\u00f3n educacional, SernamEG y ASEET Magallanes est\u00e1 abordando con\niniciativas de alto impacto, las necesidades de la comunidad fueguina. \u201cEsta es\nun oportunidad valiosa de acceder a&nbsp;\nprofesionales de primer nivel que abordar\u00e1n temas que son de gran\nactualidad y contingencia, sobre todo pensando en potenciar las habilidades y\nla productividad de las emprendedoras fueguinas\u201d, subray\u00f3.<\/p>\n\n\n\n<p>Las interesadas en participar\ndeben inscribirse, gratuitamente, en el link <a href=\"http:\/\/www.cftdemagallanes.cl\/encuentro\">www.cftdemagallanes.cl\/encuentro<\/a>.\n<\/p>\n","protected":false},"excerpt":{"rendered":"<p>Entregar herramientas que potencien el emprendimiento femenino en un territorio tan desafiante como Tierra del Fuego, es el objetivo del 1er Encuentro de Emprendedoras de Tierra del Fuego, que se&#8230; <a class=\"read-more\" href=\"https:\/\/www.radiopresidenteibanez.cl\/web\/invitan-a-participar-del-primer-encuentro-de-emprendedoras-de-tierra-del-fuego\/\">Leer m\u00e1s<\/a><\/p>\n","protected":false},"author":2,"featured_media":16473,"comment_status":"closed","ping_status":"closed","sticky":false,"template":"","format":"standard","meta":{"footnotes":""},"categories":[1],"tags":[],"class_list":["post-16472","post","type-post","status-publish","format-standard","has-post-thumbnail","hentry","category-cronica"],"_links":{"self":[{"href":"https:\/\/www.radiopresidenteibanez.cl\/web\/wp-json\/wp\/v2\/posts\/16472","targetHints":{"allow":["GET"]}}],"collection":[{"href":"https:\/\/www.radiopresidenteibanez.cl\/web\/wp-json\/wp\/v2\/posts"}],"about":[{"href":"https:\/\/www.radiopresidenteibanez.cl\/web\/wp-json\/wp\/v2\/types\/post"}],"author":[{"embeddable":true,"href":"https:\/\/www.radiopresidenteibanez.cl\/web\/wp-json\/wp\/v2\/users\/2"}],"replies":[{"embeddable":true,"href":"https:\/\/www.radiopresidenteibanez.cl\/web\/wp-json\/wp\/v2\/comments?post=16472"}],"version-history":[{"count":0,"href":"https:\/\/www.radiopresidenteibanez.cl\/web\/wp-json\/wp\/v2\/posts\/16472\/revisions"}],"wp:featuredmedia":[{"embeddable":true,"href":"https:\/\/www.radiopresidenteibanez.cl\/web\/wp-json\/wp\/v2\/media\/16473"}],"wp:attachment":[{"href":"https:\/\/www.radiopresidenteibanez.cl\/web\/wp-json\/wp\/v2\/media?parent=16472"}],"wp:term":[{"taxonomy":"category","embeddable":true,"href":"https:\/\/www.radiopresidenteibanez.cl\/web\/wp-json\/wp\/v2\/categories?post=16472"},{"taxonomy":"post_tag","embeddable":true,"href":"https:\/\/www.radiopresidenteibanez.cl\/web\/wp-json\/wp\/v2\/tags?post=16472"}],"curies":[{"name":"wp","href":"https:\/\/api.w.org\/{rel}","templated":true}]}}