{"id":16470,"date":"2020-11-29T16:32:51","date_gmt":"2020-11-29T16:32:51","guid":{"rendered":"https:\/\/www.radiopresidenteibanez.cl\/web\/?p=16470"},"modified":"2020-11-29T16:32:59","modified_gmt":"2020-11-29T16:32:59","slug":"primarias-llegaron-para-quedarse-por-gabriel-munoz-ovando","status":"publish","type":"post","link":"https:\/\/www.radiopresidenteibanez.cl\/web\/primarias-llegaron-para-quedarse-por-gabriel-munoz-ovando\/","title":{"rendered":"PRIMARIAS: LLEGARON PARA QUEDARSE por Gabriel Mu\u00f1oz Ovando"},"content":{"rendered":"\n<p>Este 29 de noviembre 2020, se\nllevan a cabo elecciones primarias en 36 comunas de todo chile, para alcaldes\nsumando 103 candidatos y para gobernadores regionales en 16 regiones con 87\ncandidatos. A nivel local en Magallanes solo participa el Pacto <strong>Unidad Constituyente <\/strong>conformadopor el Partido Socialista (PS),\nPartido Radical (PR), Partido Por la Democracia (PPD), Partido Dem\u00f3crata\nCristiano (DC), Partido Progresista (PRO), Ciudadanos e independientes. &nbsp;&nbsp;&nbsp;&nbsp;&nbsp;&nbsp;&nbsp;&nbsp;&nbsp;&nbsp;&nbsp;&nbsp;&nbsp;&nbsp;&nbsp; <\/p>\n\n\n\n<p>De esta manera, quienes sean\nindependientes podr\u00e1n votar en cualquiera de los locales de votaci\u00f3n junto a los\nafiliados al pacto Unidad Constituyente.  Es\ndecir, si una persona es militante de alg\u00fan partido como el Frente Amplio o\nChile Vamos, no podr\u00e1 votar. <\/p>\n\n\n\n<p>Pero cual, es la importancia de\nestas elecciones realizadas para nominar candidatos a las elecciones populares.\nLa ley establece y regula la realizaci\u00f3n de esos comicios que pasan a tener\nvalidez legal para la nominaci\u00f3n de aspirantes a los cargos p\u00fablicos, siendo la\n\u00fanica oportunidad que la comunidad puede escoger su candidato que represente su\ninter\u00e9s y permite elegir un candidato de un bloque por sobre los otro, el\ncandidato que se impone en esta elecci\u00f3n se transforme en un carta \u00fanica de estas\ndos alianzas de cara a los comicios de abril 2021, utilizando para ello una\nherramienta democr\u00e1tica que demoro varios a\u00f1os en establecerse en Chile, siendo\nun gran logro del gobierno de Michel Bachelet .&nbsp;&nbsp;&nbsp;&nbsp;&nbsp;&nbsp;&nbsp;&nbsp;&nbsp;&nbsp;&nbsp;&nbsp;&nbsp;&nbsp;&nbsp;&nbsp;&nbsp;&nbsp;&nbsp;&nbsp;&nbsp;&nbsp;&nbsp;&nbsp;&nbsp;&nbsp;&nbsp; <\/p>\n\n\n\n<p>Pero esta cultura de primaria no\nes nueva para los Magall\u00e1nicos menos para los Dem\u00f3crata Cristianos, muchos\ntenemos el recuerdo de las primarias convencionales del 15 de abril 2012, donde\nse disputaba el sill\u00f3n del palacio Montes, enfrent\u00e1ndose el independiente\nEmilio Bocazzi y el dem\u00f3crata cristiano Juan Morano, estaba todo listo y\ndispuesto para comenzar unos de los actos m\u00e1s democr\u00e1ticos; comienzan los\nsufragios tempranamente en la mayor\u00eda de locales de votaci\u00f3n habilitados para\nel sufragio digital, donde los votante pod\u00edan sufragar en cualquiera local mas\nCerano a su hogar.&nbsp;&nbsp;  Todo funcionado en\nforma normal a excepci\u00f3n de una mesa la numero 35 del colegio Bernardo\nO\u2019Higgins, por la falta de un vocal y problemas de sistema computaci\u00f3n, generando\nsu cierre como las 19:50 horas, cuando ya se daba por ganador el dem\u00f3crata\ncristiano, se gener\u00f3 un desenlace inesperado, llegando muchos votantes despu\u00e9s\nde las 18 horas a la mesa 35, dando ganador finalmente al independiente Emilio\nBoccazzi solo por la diferencia de 20 votos. <\/p>\n\n\n\n<p>Pero el proceso dejo varias lecciones,\nfue una de las primaras a nivel nacional con m\u00e1s alta participaci\u00f3n, llegando a\nlos 8.500 votantes, siendo un ejemplo de participaci\u00f3n para el pa\u00eds, se\nimplement\u00f3 el padr\u00f3n electr\u00f3nico en l\u00ednea con todos locales de votaci\u00f3n, pudiendo\nvotar en cualquier local votaci\u00f3n, aumentando la participaci\u00f3n y bajando los gastos\nde traslado a los votantes, siendo transmitido por la mayor\u00eda de las radios y\ntelevisi\u00f3n regional.&nbsp;&nbsp;&nbsp;&nbsp;&nbsp; Pero lo m\u00e1s\nimportante fue que la primaria fortaleci\u00f3 al candidato del bloque asegurando su\nfutura elecci\u00f3n.&nbsp; &nbsp;<\/p>\n\n\n\n<p>Posteriormente, en el 2016 se\naplic\u00f3 en forma paralela a las primarias legales un nueva consulta ciudadana,\ndonde votaron m\u00e1s de 5,000&nbsp; personas\nsiendo ampliamente destacados por las tiendas oficialistas logrando el vencedor\nDr. Ram\u00f3n Lobos 2.895 votos (56,1 %) sobre su contendora Eugenia Mansilla que\nalcanzo 2.268 (43,9%). Pero en esta ocasi\u00f3n no existi\u00f3 consenso en todo el\nsector de la centro izquierda llevando a dos candidatos a la elecci\u00f3n de\nOctubre del mismo a\u00f1o, entregando la municipalidad de punta arenas por primera\nvez a la derecha asumiendo el actual Alcalde Claudio Radonich (RN). <\/p>\n\n\n\n<p>Las primarias llegaron para\nquedarse y esperamos que en diciembre tengamos una nueva consulta ciudadana,\nllevemos a la mejor candidata o mejor candidato para recuperar la Municipalidad\nde Punta Arenas y Puerto Natales en el mes de abril del 2021.<\/p>\n\n\n\n<p><strong>Gabriel Mu\u00f1oz Ovando<\/strong><\/p>\n\n\n\n<p><strong>Vanguardia Comunitaria<\/strong><\/p>\n","protected":false},"excerpt":{"rendered":"<p>Este 29 de noviembre 2020, se llevan a cabo elecciones primarias en 36 comunas de todo chile, para alcaldes sumando 103 candidatos y para gobernadores regionales en 16 regiones con&#8230; <a class=\"read-more\" href=\"https:\/\/www.radiopresidenteibanez.cl\/web\/primarias-llegaron-para-quedarse-por-gabriel-munoz-ovando\/\">Leer m\u00e1s<\/a><\/p>\n","protected":false},"author":2,"featured_media":13793,"comment_status":"closed","ping_status":"closed","sticky":false,"template":"","format":"standard","meta":{"footnotes":""},"categories":[1],"tags":[],"class_list":["post-16470","post","type-post","status-publish","format-standard","has-post-thumbnail","hentry","category-cronica"],"_links":{"self":[{"href":"https:\/\/www.radiopresidenteibanez.cl\/web\/wp-json\/wp\/v2\/posts\/16470","targetHints":{"allow":["GET"]}}],"collection":[{"href":"https:\/\/www.radiopresidenteibanez.cl\/web\/wp-json\/wp\/v2\/posts"}],"about":[{"href":"https:\/\/www.radiopresidenteibanez.cl\/web\/wp-json\/wp\/v2\/types\/post"}],"author":[{"embeddable":true,"href":"https:\/\/www.radiopresidenteibanez.cl\/web\/wp-json\/wp\/v2\/users\/2"}],"replies":[{"embeddable":true,"href":"https:\/\/www.radiopresidenteibanez.cl\/web\/wp-json\/wp\/v2\/comments?post=16470"}],"version-history":[{"count":0,"href":"https:\/\/www.radiopresidenteibanez.cl\/web\/wp-json\/wp\/v2\/posts\/16470\/revisions"}],"wp:featuredmedia":[{"embeddable":true,"href":"https:\/\/www.radiopresidenteibanez.cl\/web\/wp-json\/wp\/v2\/media\/13793"}],"wp:attachment":[{"href":"https:\/\/www.radiopresidenteibanez.cl\/web\/wp-json\/wp\/v2\/media?parent=16470"}],"wp:term":[{"taxonomy":"category","embeddable":true,"href":"https:\/\/www.radiopresidenteibanez.cl\/web\/wp-json\/wp\/v2\/categories?post=16470"},{"taxonomy":"post_tag","embeddable":true,"href":"https:\/\/www.radiopresidenteibanez.cl\/web\/wp-json\/wp\/v2\/tags?post=16470"}],"curies":[{"name":"wp","href":"https:\/\/api.w.org\/{rel}","templated":true}]}}