{"id":16467,"date":"2020-11-30T02:15:07","date_gmt":"2020-11-30T02:15:07","guid":{"rendered":"https:\/\/www.radiopresidenteibanez.cl\/web\/?p=16467"},"modified":"2020-11-29T16:30:19","modified_gmt":"2020-11-29T16:30:19","slug":"autoridades-informan-nuevas-medidas-con-permisos-unicos-colectivos","status":"publish","type":"post","link":"https:\/\/www.radiopresidenteibanez.cl\/web\/autoridades-informan-nuevas-medidas-con-permisos-unicos-colectivos\/","title":{"rendered":"AUTORIDADES INFORMAN NUEVAS MEDIDAS CON PERMISOS \u00daNICOS COLECTIVOS"},"content":{"rendered":"\n<p>La Coordinaci\u00f3n Regional de\nSeguridad P\u00fablica de Magallanes y de la Ant\u00e1rtica Chilena, respecto a la nueva\ndisposici\u00f3n contenida en el Instructivo de Desplazamiento vigente a nivel\nnacional desde el lunes 23 de noviembre, y que se relaciona con la obtenci\u00f3n de\nlos Permisos \u00danicos Colectivos, informa lo siguiente:<\/p>\n\n\n\n<p>1.- Los empleadores podr\u00e1n seguir\nsolicitando los Permisos \u00danicos Colectivos para sus trabajadores, realizando el\nmismo tr\u00e1mite digital que se ven\u00eda requiriendo en <a href=\"http:\/\/www.comisariavirtual.cl\">www.comisariavirtual.cl<\/a><\/p>\n\n\n\n<p>2.- La diferencia que comenz\u00f3 a\nregir a nivel nacional desde el pasado lunes 23 de noviembre, es que el\nempleador deber\u00e1 indicar si la vigencia del Permiso \u00danico Colectivo es de lunes\na viernes, o s\u00e1bado y domingo.<\/p>\n\n\n\n<p>3.- Esta medida no significa\nninguna nueva restricci\u00f3n para los trabajadores, toda vez que podr\u00e1n contar con\nel documento para los d\u00edas que se desempe\u00f1an laboralmente.<\/p>\n\n\n\n<p>4.- Los trabajadores que\nrequieran el Permiso \u00danico Colectivo de lunes a domingo, podr\u00e1n contar con\nambos documentos: uno que permite el desplazamiento de lunes a viernes, y otro\npara s\u00e1bado y domingo.<\/p>\n","protected":false},"excerpt":{"rendered":"<p>La Coordinaci\u00f3n Regional de Seguridad P\u00fablica de Magallanes y de la Ant\u00e1rtica Chilena, respecto a la nueva disposici\u00f3n contenida en el Instructivo de Desplazamiento vigente a nivel nacional desde el&#8230; <a class=\"read-more\" href=\"https:\/\/www.radiopresidenteibanez.cl\/web\/autoridades-informan-nuevas-medidas-con-permisos-unicos-colectivos\/\">Leer m\u00e1s<\/a><\/p>\n","protected":false},"author":2,"featured_media":16468,"comment_status":"closed","ping_status":"closed","sticky":false,"template":"","format":"standard","meta":{"footnotes":""},"categories":[1],"tags":[],"class_list":["post-16467","post","type-post","status-publish","format-standard","has-post-thumbnail","hentry","category-cronica"],"_links":{"self":[{"href":"https:\/\/www.radiopresidenteibanez.cl\/web\/wp-json\/wp\/v2\/posts\/16467","targetHints":{"allow":["GET"]}}],"collection":[{"href":"https:\/\/www.radiopresidenteibanez.cl\/web\/wp-json\/wp\/v2\/posts"}],"about":[{"href":"https:\/\/www.radiopresidenteibanez.cl\/web\/wp-json\/wp\/v2\/types\/post"}],"author":[{"embeddable":true,"href":"https:\/\/www.radiopresidenteibanez.cl\/web\/wp-json\/wp\/v2\/users\/2"}],"replies":[{"embeddable":true,"href":"https:\/\/www.radiopresidenteibanez.cl\/web\/wp-json\/wp\/v2\/comments?post=16467"}],"version-history":[{"count":0,"href":"https:\/\/www.radiopresidenteibanez.cl\/web\/wp-json\/wp\/v2\/posts\/16467\/revisions"}],"wp:featuredmedia":[{"embeddable":true,"href":"https:\/\/www.radiopresidenteibanez.cl\/web\/wp-json\/wp\/v2\/media\/16468"}],"wp:attachment":[{"href":"https:\/\/www.radiopresidenteibanez.cl\/web\/wp-json\/wp\/v2\/media?parent=16467"}],"wp:term":[{"taxonomy":"category","embeddable":true,"href":"https:\/\/www.radiopresidenteibanez.cl\/web\/wp-json\/wp\/v2\/categories?post=16467"},{"taxonomy":"post_tag","embeddable":true,"href":"https:\/\/www.radiopresidenteibanez.cl\/web\/wp-json\/wp\/v2\/tags?post=16467"}],"curies":[{"name":"wp","href":"https:\/\/api.w.org\/{rel}","templated":true}]}}