{"id":16461,"date":"2020-11-28T04:15:00","date_gmt":"2020-11-28T04:15:00","guid":{"rendered":"https:\/\/www.radiopresidenteibanez.cl\/web\/?p=16461"},"modified":"2020-11-27T16:41:52","modified_gmt":"2020-11-27T16:41:52","slug":"programa-de-emergencia-del-fosis-apoya-a-emprendedores-puntarenenses","status":"publish","type":"post","link":"https:\/\/www.radiopresidenteibanez.cl\/web\/programa-de-emergencia-del-fosis-apoya-a-emprendedores-puntarenenses\/","title":{"rendered":"PROGRAMA DE EMERGENCIA DEL FOSIS APOYA A EMPRENDEDORES PUNTARENENSES"},"content":{"rendered":"\n<p>A trav\u00e9s del programa \u201cYo Emprendo Emergencia\u201d, usuarios y usuarios de la\ncapital regional est\u00e1n en la recta final de esta iniciativa que entreg\u00f3\ntalleres de capacitaci\u00f3n, asesor\u00eda individual y un capital para financiar sus\nplanes de negocios.<\/p>\n\n\n\n<p>Este proyecto, impulsado por el Fondo de Solidaridad e Inversi\u00f3n Social,\nFOSIS, servicio relacionado al Ministerio de Desarrollo Social y Familia, tiene\npor objetivo brindar una oportunidad concreta para reactivar peque\u00f1os\nemprendimientos y generar ingresos para el grupo familiar.<\/p>\n\n\n\n<p>Una de ellas es Carolina\nG\u00f3mez, quien se dedica al dise\u00f1o textil y sublimaci\u00f3n. A\ntrav\u00e9s de su emprendimiento \u201cCreaciones Juchris\u201d ha debido dar un giro en sus\npretensiones iniciales y pensar en satisfacer necesidades dadas por el contexto\nactual.<\/p>\n\n\n\n<p>\u201cHago mascarillas sublimadas, sencillas,\nlisas, tambi\u00e9n hago mandalas, libros para colorear, libros de lettering, entre\notros productos de juegos para los ni\u00f1os. Ha sido una experiencia muy\nenriquecedora. He tenido capacitaciones que me han ayudado bastante, me han\nguiado, me ha ayudado econ\u00f3micamente tambi\u00e9n, ha sido una fuente de ingresos\u201d,\ndestac\u00f3 Carolina.<\/p>\n\n\n\n<p>Con este programa pudo financiar la adquisici\u00f3n de una\nm\u00e1quina de coser y una rotuladora, adem\u00e1s de diversos insumos como poleras,\ncalcetas, entre otros para personalizar y comercializar.<\/p>\n\n\n\n<p>El director regional del FOSIS, Hern\u00e1n Soto, explic\u00f3 que para la ejecuci\u00f3n\nde esta iniciativa se adapt\u00f3 la metodolog\u00eda regular, acot\u00e1ndose los talleres y\nasesor\u00edas para atender r\u00e1pidamente a las necesidades de los emprendedores. \u201cA\ntrav\u00e9s de esta oportunidad, queremos aportar en algo a mitigar los efectos\nnegativos de esta pandemia, para que puedan reactivar o reinventar sus\nemprendimientos y generar una fuente de ingresos en estos momentos de crisis\u201d,\nse\u00f1al\u00f3 Soto.<\/p>\n\n\n\n<p>\u201cHoy conocemos el caso de Carolina. Ella tiene una profesi\u00f3n, pero ha\npodido, a trav\u00e9s del FOSIS y de este emprendimiento de emergencia, poder\nquedarse en la casa y reinventarse, adem\u00e1s de entregar un servicio a la\ncomunidad, a sus vecinos\u201d, puntualiz\u00f3 la Secretaria Regional Ministerial de\nDesarrollo Social y Familia, Liz Casanueva. &nbsp;&nbsp;<\/p>\n\n\n\n<p>Este programa, ejecutado por la consultora Educap, se inici\u00f3 en el mes de\njulio y signific\u00f3 una inversi\u00f3n del FOSIS que alcanza los 35 millones de pesos.<\/p>\n","protected":false},"excerpt":{"rendered":"<p>A trav\u00e9s del programa \u201cYo Emprendo Emergencia\u201d, usuarios y usuarios de la capital regional est\u00e1n en la recta final de esta iniciativa que entreg\u00f3 talleres de capacitaci\u00f3n, asesor\u00eda individual y&#8230; <a class=\"read-more\" href=\"https:\/\/www.radiopresidenteibanez.cl\/web\/programa-de-emergencia-del-fosis-apoya-a-emprendedores-puntarenenses\/\">Leer m\u00e1s<\/a><\/p>\n","protected":false},"author":2,"featured_media":16462,"comment_status":"closed","ping_status":"closed","sticky":false,"template":"","format":"standard","meta":{"footnotes":""},"categories":[1],"tags":[],"class_list":["post-16461","post","type-post","status-publish","format-standard","has-post-thumbnail","hentry","category-cronica"],"_links":{"self":[{"href":"https:\/\/www.radiopresidenteibanez.cl\/web\/wp-json\/wp\/v2\/posts\/16461","targetHints":{"allow":["GET"]}}],"collection":[{"href":"https:\/\/www.radiopresidenteibanez.cl\/web\/wp-json\/wp\/v2\/posts"}],"about":[{"href":"https:\/\/www.radiopresidenteibanez.cl\/web\/wp-json\/wp\/v2\/types\/post"}],"author":[{"embeddable":true,"href":"https:\/\/www.radiopresidenteibanez.cl\/web\/wp-json\/wp\/v2\/users\/2"}],"replies":[{"embeddable":true,"href":"https:\/\/www.radiopresidenteibanez.cl\/web\/wp-json\/wp\/v2\/comments?post=16461"}],"version-history":[{"count":0,"href":"https:\/\/www.radiopresidenteibanez.cl\/web\/wp-json\/wp\/v2\/posts\/16461\/revisions"}],"wp:featuredmedia":[{"embeddable":true,"href":"https:\/\/www.radiopresidenteibanez.cl\/web\/wp-json\/wp\/v2\/media\/16462"}],"wp:attachment":[{"href":"https:\/\/www.radiopresidenteibanez.cl\/web\/wp-json\/wp\/v2\/media?parent=16461"}],"wp:term":[{"taxonomy":"category","embeddable":true,"href":"https:\/\/www.radiopresidenteibanez.cl\/web\/wp-json\/wp\/v2\/categories?post=16461"},{"taxonomy":"post_tag","embeddable":true,"href":"https:\/\/www.radiopresidenteibanez.cl\/web\/wp-json\/wp\/v2\/tags?post=16461"}],"curies":[{"name":"wp","href":"https:\/\/api.w.org\/{rel}","templated":true}]}}