{"id":16450,"date":"2020-11-28T03:00:00","date_gmt":"2020-11-28T03:00:00","guid":{"rendered":"https:\/\/www.radiopresidenteibanez.cl\/web\/?p=16450"},"modified":"2020-11-27T16:27:06","modified_gmt":"2020-11-27T16:27:06","slug":"gobernador-provincial-de-magallanes-realizo-visita-a-la-subcomisaria-de-rio-seco","status":"publish","type":"post","link":"https:\/\/www.radiopresidenteibanez.cl\/web\/gobernador-provincial-de-magallanes-realizo-visita-a-la-subcomisaria-de-rio-seco\/","title":{"rendered":"GOBERNADOR PROVINCIAL DE MAGALLANES REALIZ\u00d3 VISITA A LA SUBCOMISAR\u00cdA DE R\u00cdO SECO"},"content":{"rendered":"\n<p>Hasta la Subcomisar\u00eda de R\u00edo Seco se dirigi\u00f3 el gobernador\nprovincial de Magallanes, Alejandro V\u00e1squez Servieri, acompa\u00f1ado del Director\nprovincial de protecci\u00f3n civil y emergencias, Jimmy C\u00e1rdenas, donde se reuni\u00f3\ncon el Subcomisario, Capit\u00e1n Mois\u00e9s Sierra, para conocer acerca de la actividad\nque se realiza diariamente en este recinto y tratar temas que vinculan a ambas\ninstituciones.<\/p>\n\n\n\n<p>El Subcomisario inform\u00f3 al gobernador acerca de las labores que\nrealizan los 16 funcionarios, que trabajan en el lugar y que cubren las necesidades\nde seguridad de las comunas de R\u00edo Verde, Laguna Blanca y sector de Agua\nFresca. Entre las que se destacan el control del orden p\u00fablico, control y\nfiscalizaci\u00f3n de la ruta, poniendo especial \u00e9nfasis en los delitos de abigeato,\ntema importante por las caracter\u00edsticas de la zona y los trabajos que all\u00ed se\nrealizan.<\/p>\n\n\n\n<p>La Subcomisar\u00eda de R\u00edo Seco tiene una fuerte integraci\u00f3n\ncomunitaria en todo el sector de R\u00edo Verde, realizando ayuda a los vecinos y\nvecinas y constante labor preventiva. Prevenci\u00f3n para evitar incendios en\ndomicilios y durante la crisis sanitaria producto de la pandemia, el recinto\npolicial ha cumplido un rol fundamental, teniendo en el ret\u00e9n de Kon Aiken la\nlabor de apoyo al control sanitario que controla el acceso y salida terrestre\nen la ciudad de Punta Arenas. <\/p>\n\n\n\n<p>El gobernador provincial, Alejandro V\u00e1squez, manifest\u00f3 su\nsatisfacci\u00f3n por la reuni\u00f3n sostenida, \u201cFue una visita productiva, la labor en\nterreno es importante y los acercamientos con las entidades pertinentes para\ntrabajar por la provincia en forma coordinada, son indispensables. La\nSubcomisar\u00eda de R\u00edo Seco es un punto clave, desempe\u00f1a una labor fundamental en\nforma constante, pero durante el tiempo de pandemia ha sido un apoyo esencial\npara dar cumplimiento a las normas de control sanitario exigidas por la\nautoridad de Salud y facilitar, adem\u00e1s, algunos cambios en los traslados de las\npersonas de las comunas rurales\u201d<\/p>\n\n\n\n<p>Agreg\u00f3 adem\u00e1s, que esta visita se enmarca dentro de las funciones\nque le competen a la gobernaci\u00f3n, a trav\u00e9s de la unidad de Protecci\u00f3n civil y\nemergencias, relacionadas con la &nbsp;seguridad de la comunidad, con el fin de\nimpulsar y coordinar acciones de prevenci\u00f3n y mitigaci\u00f3n ante situaciones que\npuedan presentarse y que pongan en riesgo a las personas. El gobernador inici\u00f3\nsus labores esta semana \u201cEstoy compenetr\u00e1ndome con toda la labor que se realiza\nen la gobernaci\u00f3n. Vamos a trabajar con mucha fuerza para apoyar a la gente,\nrealizando una tarea coordinada con todos los servicios y cumpliendo con las\ndirectrices de nuestro ministerio y del Presidente de la rep\u00fablica\u201d, finaliz\u00f3\nel gobernador. <\/p>\n","protected":false},"excerpt":{"rendered":"<p>Hasta la Subcomisar\u00eda de R\u00edo Seco se dirigi\u00f3 el gobernador provincial de Magallanes, Alejandro V\u00e1squez Servieri, acompa\u00f1ado del Director provincial de protecci\u00f3n civil y emergencias, Jimmy C\u00e1rdenas, donde se reuni\u00f3&#8230; <a class=\"read-more\" href=\"https:\/\/www.radiopresidenteibanez.cl\/web\/gobernador-provincial-de-magallanes-realizo-visita-a-la-subcomisaria-de-rio-seco\/\">Leer m\u00e1s<\/a><\/p>\n","protected":false},"author":2,"featured_media":16451,"comment_status":"closed","ping_status":"closed","sticky":false,"template":"","format":"standard","meta":{"footnotes":""},"categories":[1],"tags":[],"class_list":["post-16450","post","type-post","status-publish","format-standard","has-post-thumbnail","hentry","category-cronica"],"_links":{"self":[{"href":"https:\/\/www.radiopresidenteibanez.cl\/web\/wp-json\/wp\/v2\/posts\/16450","targetHints":{"allow":["GET"]}}],"collection":[{"href":"https:\/\/www.radiopresidenteibanez.cl\/web\/wp-json\/wp\/v2\/posts"}],"about":[{"href":"https:\/\/www.radiopresidenteibanez.cl\/web\/wp-json\/wp\/v2\/types\/post"}],"author":[{"embeddable":true,"href":"https:\/\/www.radiopresidenteibanez.cl\/web\/wp-json\/wp\/v2\/users\/2"}],"replies":[{"embeddable":true,"href":"https:\/\/www.radiopresidenteibanez.cl\/web\/wp-json\/wp\/v2\/comments?post=16450"}],"version-history":[{"count":0,"href":"https:\/\/www.radiopresidenteibanez.cl\/web\/wp-json\/wp\/v2\/posts\/16450\/revisions"}],"wp:featuredmedia":[{"embeddable":true,"href":"https:\/\/www.radiopresidenteibanez.cl\/web\/wp-json\/wp\/v2\/media\/16451"}],"wp:attachment":[{"href":"https:\/\/www.radiopresidenteibanez.cl\/web\/wp-json\/wp\/v2\/media?parent=16450"}],"wp:term":[{"taxonomy":"category","embeddable":true,"href":"https:\/\/www.radiopresidenteibanez.cl\/web\/wp-json\/wp\/v2\/categories?post=16450"},{"taxonomy":"post_tag","embeddable":true,"href":"https:\/\/www.radiopresidenteibanez.cl\/web\/wp-json\/wp\/v2\/tags?post=16450"}],"curies":[{"name":"wp","href":"https:\/\/api.w.org\/{rel}","templated":true}]}}