{"id":16444,"date":"2020-11-28T02:30:05","date_gmt":"2020-11-28T02:30:05","guid":{"rendered":"https:\/\/www.radiopresidenteibanez.cl\/web\/?p=16444"},"modified":"2020-11-27T16:13:35","modified_gmt":"2020-11-27T16:13:35","slug":"senadis-presento-estrategia-para-fomentar-la-participacion-y-asociatividad-en-la-macrozona-sur","status":"publish","type":"post","link":"https:\/\/www.radiopresidenteibanez.cl\/web\/senadis-presento-estrategia-para-fomentar-la-participacion-y-asociatividad-en-la-macrozona-sur\/","title":{"rendered":"SENADIS PRESENT\u00d3 ESTRATEGIA PARA FOMENTAR LA PARTICIPACI\u00d3N Y ASOCIATIVIDAD EN LA MACROZONA SUR"},"content":{"rendered":"\n<p>Las direcciones regionales del Servicio Nacional de la Discapacidad -SENADIS- que comprenden la Macrozona Sur (Los R\u00edos, Los Lagos, Ays\u00e9n y Magallanes) se encuentran trabajando para implementar un plan comunal destinado a fortalecer la participaci\u00f3n social de agrupaciones que buscan la inclusi\u00f3n de personas con discapacidad.<\/p>\n\n\n\n<p>Para poder llevar a cabo esta iniciativa se estableci\u00f3 una estrategia secuencial que contempla una fase inicial de levantamiento de informaci\u00f3n sobre la situaci\u00f3n de cada comuna, seguida de la detecci\u00f3n de las organizaciones con y sin personalidad jur\u00eddica, capacitaciones a referentes o encargados de discapacidad sobre conceptos legales de asociatividad, hasta finalmente construir un plan de acci\u00f3n para generar mayor participaci\u00f3n y v\u00ednculos bajo el eje de inclusi\u00f3n social.<\/p>\n\n\n\n<p>En esta actividad est\u00e1n participando de manera remota cerca de veinte profesionales de SENADIS de la Macrozona Sur, quienes buscan alcanzar tres objetivos:&nbsp;aumentar el porcentaje de agrupaciones con personalidad jur\u00eddica y operativas en las comunas, mejorar la comunicaci\u00f3n intercomunal entre agrupaciones o asociaciones, y establecer un consejo comunal de la discapacidad con calidad de referente permanente para el di\u00e1logo con los gobiernos locales.<\/p>\n\n\n\n<p>El Director de Magallanes y de la Ant\u00e1rtica Chilena de SENADIS, Iv\u00e1n Gonz\u00e1lez, se\u00f1al\u00f3 que \u201choy jueves dimos a conocer la estrategia a las organizaciones de las cuatro regiones que componen la macrozona, comprometiendo capacitaciones y asesor\u00edas en la construcci\u00f3n de un plan comunal para el fortalecimiento de la participaci\u00f3n social de agrupaciones de y para personas con discapacidad, que se concretar\u00e1 durante el pr\u00f3ximo a\u00f1o\u201d.<\/p>\n\n\n\n<p>Para la Seremi de Desarrollo Social y Familia, Liz Casanueva, esta iniciativa simboliza el compromiso del Presidente Sebasti\u00e1n Pi\u00f1era con las personas con discapacidad. \u201cComo Ministerio estamos convencidos que la recuperaci\u00f3n post pandemia involucra factores econ\u00f3micos y sociales, donde las ciudades, empresas y la sociedad civil deber sumarse a la inclusi\u00f3n m\u00e1s all\u00e1 del cumplimento de los porcentajes que exige nuestra legislaci\u00f3n\u201d.<\/p>\n\n\n\n<p>De acuerdo al II Estudio Nacional de la Discapacidad (ENDISIC) en el pa\u00eds existen dos millones 606 mil 914 personas con discapacidad (mayores de 18 a\u00f1os), los que representan un 20% de la poblaci\u00f3n total.&nbsp;&nbsp;<\/p>\n","protected":false},"excerpt":{"rendered":"<p>Las direcciones regionales del Servicio Nacional de la Discapacidad -SENADIS- que comprenden la Macrozona Sur (Los R\u00edos, Los Lagos, Ays\u00e9n y Magallanes) se encuentran trabajando para implementar un plan comunal&#8230; <a class=\"read-more\" href=\"https:\/\/www.radiopresidenteibanez.cl\/web\/senadis-presento-estrategia-para-fomentar-la-participacion-y-asociatividad-en-la-macrozona-sur\/\">Leer m\u00e1s<\/a><\/p>\n","protected":false},"author":2,"featured_media":16445,"comment_status":"closed","ping_status":"closed","sticky":false,"template":"","format":"standard","meta":{"footnotes":""},"categories":[1],"tags":[],"class_list":["post-16444","post","type-post","status-publish","format-standard","has-post-thumbnail","hentry","category-cronica"],"_links":{"self":[{"href":"https:\/\/www.radiopresidenteibanez.cl\/web\/wp-json\/wp\/v2\/posts\/16444","targetHints":{"allow":["GET"]}}],"collection":[{"href":"https:\/\/www.radiopresidenteibanez.cl\/web\/wp-json\/wp\/v2\/posts"}],"about":[{"href":"https:\/\/www.radiopresidenteibanez.cl\/web\/wp-json\/wp\/v2\/types\/post"}],"author":[{"embeddable":true,"href":"https:\/\/www.radiopresidenteibanez.cl\/web\/wp-json\/wp\/v2\/users\/2"}],"replies":[{"embeddable":true,"href":"https:\/\/www.radiopresidenteibanez.cl\/web\/wp-json\/wp\/v2\/comments?post=16444"}],"version-history":[{"count":0,"href":"https:\/\/www.radiopresidenteibanez.cl\/web\/wp-json\/wp\/v2\/posts\/16444\/revisions"}],"wp:featuredmedia":[{"embeddable":true,"href":"https:\/\/www.radiopresidenteibanez.cl\/web\/wp-json\/wp\/v2\/media\/16445"}],"wp:attachment":[{"href":"https:\/\/www.radiopresidenteibanez.cl\/web\/wp-json\/wp\/v2\/media?parent=16444"}],"wp:term":[{"taxonomy":"category","embeddable":true,"href":"https:\/\/www.radiopresidenteibanez.cl\/web\/wp-json\/wp\/v2\/categories?post=16444"},{"taxonomy":"post_tag","embeddable":true,"href":"https:\/\/www.radiopresidenteibanez.cl\/web\/wp-json\/wp\/v2\/tags?post=16444"}],"curies":[{"name":"wp","href":"https:\/\/api.w.org\/{rel}","templated":true}]}}