{"id":16435,"date":"2020-11-27T15:51:45","date_gmt":"2020-11-27T15:51:45","guid":{"rendered":"https:\/\/www.radiopresidenteibanez.cl\/web\/?p=16435"},"modified":"2020-11-27T15:51:51","modified_gmt":"2020-11-27T15:51:51","slug":"corte-de-suministro-electrico-afecto-a-13-106-clientes","status":"publish","type":"post","link":"https:\/\/www.radiopresidenteibanez.cl\/web\/corte-de-suministro-electrico-afecto-a-13-106-clientes\/","title":{"rendered":"CORTE DE SUMINISTRO EL\u00c9CTRICO AFECT\u00d3 A 13.106 CLIENTES"},"content":{"rendered":"\n<p>En relaci\u00f3n a la interrupci\u00f3n de suministro de energ\u00eda el\u00e9ctrica que afect\u00f3 a distintos sectores de la ciudad de Punta Arenas, la Empresa El\u00e9ctrica de Magallanes S.A. informa lo siguiente:<\/p>\n\n\n\n<ul class=\"wp-block-list\"><li>Alrededor de las 08:00 horas de esta ma\u00f1ana, se detuvo de forma repentina una de las unidades generadoras emplazada en la Central Tres Puentes en Punta Arenas, lo que provoc\u00f3 la interrupci\u00f3n parcial del suministro el\u00e9ctrico en esta ciudad, afectando a 13.106\u00a0clientes ubicados en distintos sectores de la ciudad.<\/li><\/ul>\n\n\n\n<ul class=\"wp-block-list\"><li>Inmediatamente personal t\u00e9cnico de EDELMAG que se encuentra de turno en la central, iniciaron las maniobras destinadas a normalizar el servicio, el que qued\u00f3 completamente restituido aproximadamente a las 08:13 horas.<\/li><\/ul>\n\n\n\n<ul class=\"wp-block-list\"><li>Se realizar\u00e1 la revisi\u00f3n y evaluaci\u00f3n de las instalaciones, para identificar las causas provocaron la emergencia.&nbsp;<\/li><\/ul>\n","protected":false},"excerpt":{"rendered":"<p>En relaci\u00f3n a la interrupci\u00f3n de suministro de energ\u00eda el\u00e9ctrica que afect\u00f3 a distintos sectores de la ciudad de Punta Arenas, la Empresa El\u00e9ctrica de Magallanes S.A. informa lo siguiente:&#8230; <a class=\"read-more\" href=\"https:\/\/www.radiopresidenteibanez.cl\/web\/corte-de-suministro-electrico-afecto-a-13-106-clientes\/\">Leer m\u00e1s<\/a><\/p>\n","protected":false},"author":2,"featured_media":714,"comment_status":"closed","ping_status":"closed","sticky":false,"template":"","format":"standard","meta":{"footnotes":""},"categories":[1],"tags":[],"class_list":["post-16435","post","type-post","status-publish","format-standard","has-post-thumbnail","hentry","category-cronica"],"_links":{"self":[{"href":"https:\/\/www.radiopresidenteibanez.cl\/web\/wp-json\/wp\/v2\/posts\/16435","targetHints":{"allow":["GET"]}}],"collection":[{"href":"https:\/\/www.radiopresidenteibanez.cl\/web\/wp-json\/wp\/v2\/posts"}],"about":[{"href":"https:\/\/www.radiopresidenteibanez.cl\/web\/wp-json\/wp\/v2\/types\/post"}],"author":[{"embeddable":true,"href":"https:\/\/www.radiopresidenteibanez.cl\/web\/wp-json\/wp\/v2\/users\/2"}],"replies":[{"embeddable":true,"href":"https:\/\/www.radiopresidenteibanez.cl\/web\/wp-json\/wp\/v2\/comments?post=16435"}],"version-history":[{"count":0,"href":"https:\/\/www.radiopresidenteibanez.cl\/web\/wp-json\/wp\/v2\/posts\/16435\/revisions"}],"wp:featuredmedia":[{"embeddable":true,"href":"https:\/\/www.radiopresidenteibanez.cl\/web\/wp-json\/wp\/v2\/media\/714"}],"wp:attachment":[{"href":"https:\/\/www.radiopresidenteibanez.cl\/web\/wp-json\/wp\/v2\/media?parent=16435"}],"wp:term":[{"taxonomy":"category","embeddable":true,"href":"https:\/\/www.radiopresidenteibanez.cl\/web\/wp-json\/wp\/v2\/categories?post=16435"},{"taxonomy":"post_tag","embeddable":true,"href":"https:\/\/www.radiopresidenteibanez.cl\/web\/wp-json\/wp\/v2\/tags?post=16435"}],"curies":[{"name":"wp","href":"https:\/\/api.w.org\/{rel}","templated":true}]}}