{"id":16430,"date":"2020-11-27T03:45:00","date_gmt":"2020-11-27T03:45:00","guid":{"rendered":"https:\/\/www.radiopresidenteibanez.cl\/web\/?p=16430"},"modified":"2020-11-26T18:56:00","modified_gmt":"2020-11-26T18:56:00","slug":"unidad-de-deportes-expone-ante-el-concejo-municipal-de-natales-la-gestion-realizada-durante-los-ultimos-anos","status":"publish","type":"post","link":"https:\/\/www.radiopresidenteibanez.cl\/web\/unidad-de-deportes-expone-ante-el-concejo-municipal-de-natales-la-gestion-realizada-durante-los-ultimos-anos\/","title":{"rendered":"UNIDAD DE DEPORTES EXPONE ANTE EL CONCEJO MUNICIPAL DE NATALES LA GESTI\u00d3N REALIZADA DURANTE LOS \u00daLTIMOS A\u00d1OS"},"content":{"rendered":"\n<p>Con el objetivo de\ndar a conocer los principales hitos realizados por la Unidad de Deportes y mostrar\nla reconversi\u00f3n de los funcionarios producto de la pandemia, se expuso este\nmi\u00e9rcoles ante el Concejo Municipal de Natales la gesti\u00f3n realizada por los\nfuncionarios durante los \u00faltimos a\u00f1os.<\/p>\n\n\n\n<p>En la reuni\u00f3n se habl\u00f3 a los concejales sobre la instalaci\u00f3n de nuevos\nequipamientos deportivos, la readecuaci\u00f3n presupuestaria por pandemia y la\ntransformaci\u00f3n del taller \u201cNataci\u00f3n Sin Fronteras\u201d gracias a la nueva piscina\nmunicipal. <\/p>\n\n\n\n<p>Para el alcalde de la comuna, Fernando Paredes Mansilla, la exposici\u00f3n\npermiti\u00f3 dar a conocer a los concejales el trabajo realizado durante estos a\u00f1os\npor el equipo de deportes. \u201cComo alcalde de Natales me siento muy orgulloso con\ntodo lo que hemos logrado en materia deportiva, durante todos estos a\u00f1os\nconseguimos avanzar y concretar grandes proyectos que son un verdadero aporte\npara nuestra comunidad\u201d.<\/p>\n\n\n\n<p>Iv\u00e1n O\u00f1ate, agradeci\u00f3 el compromiso de los funcionarios en tiempos de\npandemia, \u201cquiero agradecer p\u00fablicamente a cada uno de los profesores e\ninstructores que han participado con gran esp\u00edritu y profesionalismo cumpliendo\ndiferentes roles producto de la pandemia. Gracias por adaptarse a los nuevos\ntiempos y aprovechar la suspensi\u00f3n de los talleres para apoyar a la Direcci\u00f3n\nde Desarrollo Comunitario en el armado y entrega de canastas\u201d.<\/p>\n\n\n\n<p>Asimismo, encargado de la unidad, destac\u00f3 que ya est\u00e1n trabajando en la\npreparaci\u00f3n de protocolos para el uso de recintos deportivos durante la\npandemia. Medida que busca tener operativas las dependencias municipales\ndeportivas al avanzar de Fase.<\/p>\n\n\n\n<p>Adem\u00e1s, en la sesi\u00f3n se record\u00f3 la mejora de todos los recintos deportivos\nde la ciudad, incluyendo los gimnasios escolares, la creaci\u00f3n del polideportivo\nm\u00e1s grande de la regi\u00f3n, multicanchas, plazas de juegos, equipamiento deportivo\ny la construcci\u00f3n de la piscina semiol\u00edmpica temperada.<\/p>\n\n\n\n<p>Finalmente, se detall\u00f3 al Concejo Municipal cada uno de los talleres\ndeportivos realizados antes de la pandemia, las transmisiones deportivas efectuadas\ndurante la pandemia y los talleres en receso que ser\u00e1n activados el 2021.<\/p>\n\n\n\n<p>La pr\u00f3xima semana el cuerpo de concejales contar\u00e1 con la presentaci\u00f3n de la\nDirecci\u00f3n de Desarrollo Comunitario, quienes mostrar\u00e1n el despliegue realizado\npor la direcci\u00f3n para apoyar a los vecinos de Natales.<\/p>\n","protected":false},"excerpt":{"rendered":"<p>Con el objetivo de dar a conocer los principales hitos realizados por la Unidad de Deportes y mostrar la reconversi\u00f3n de los funcionarios producto de la pandemia, se expuso este&#8230; <a class=\"read-more\" href=\"https:\/\/www.radiopresidenteibanez.cl\/web\/unidad-de-deportes-expone-ante-el-concejo-municipal-de-natales-la-gestion-realizada-durante-los-ultimos-anos\/\">Leer m\u00e1s<\/a><\/p>\n","protected":false},"author":2,"featured_media":16431,"comment_status":"closed","ping_status":"closed","sticky":false,"template":"","format":"standard","meta":{"footnotes":""},"categories":[1],"tags":[],"class_list":["post-16430","post","type-post","status-publish","format-standard","has-post-thumbnail","hentry","category-cronica"],"_links":{"self":[{"href":"https:\/\/www.radiopresidenteibanez.cl\/web\/wp-json\/wp\/v2\/posts\/16430","targetHints":{"allow":["GET"]}}],"collection":[{"href":"https:\/\/www.radiopresidenteibanez.cl\/web\/wp-json\/wp\/v2\/posts"}],"about":[{"href":"https:\/\/www.radiopresidenteibanez.cl\/web\/wp-json\/wp\/v2\/types\/post"}],"author":[{"embeddable":true,"href":"https:\/\/www.radiopresidenteibanez.cl\/web\/wp-json\/wp\/v2\/users\/2"}],"replies":[{"embeddable":true,"href":"https:\/\/www.radiopresidenteibanez.cl\/web\/wp-json\/wp\/v2\/comments?post=16430"}],"version-history":[{"count":0,"href":"https:\/\/www.radiopresidenteibanez.cl\/web\/wp-json\/wp\/v2\/posts\/16430\/revisions"}],"wp:featuredmedia":[{"embeddable":true,"href":"https:\/\/www.radiopresidenteibanez.cl\/web\/wp-json\/wp\/v2\/media\/16431"}],"wp:attachment":[{"href":"https:\/\/www.radiopresidenteibanez.cl\/web\/wp-json\/wp\/v2\/media?parent=16430"}],"wp:term":[{"taxonomy":"category","embeddable":true,"href":"https:\/\/www.radiopresidenteibanez.cl\/web\/wp-json\/wp\/v2\/categories?post=16430"},{"taxonomy":"post_tag","embeddable":true,"href":"https:\/\/www.radiopresidenteibanez.cl\/web\/wp-json\/wp\/v2\/tags?post=16430"}],"curies":[{"name":"wp","href":"https:\/\/api.w.org\/{rel}","templated":true}]}}