{"id":1643,"date":"2019-02-26T20:08:21","date_gmt":"2019-02-26T20:08:21","guid":{"rendered":"http:\/\/www.radiopresidenteibanez.cl\/web\/?p=1643"},"modified":"2019-02-26T20:09:05","modified_gmt":"2019-02-26T20:09:05","slug":"se-ultiman-detalles-para-la-fiesta-del-campo-mas-importante-de-magallanes","status":"publish","type":"post","link":"https:\/\/www.radiopresidenteibanez.cl\/web\/se-ultiman-detalles-para-la-fiesta-del-campo-mas-importante-de-magallanes\/","title":{"rendered":"SE ULTIMAN DETALLES PARA LA FIESTA DEL CAMPO M\u00c1S IMPORTANTE DE MAGALLANES"},"content":{"rendered":"\n<p>La EXPOGAMA 2019 se prepara\npara ofrecer diversos y variados panoramas para este fin de semana. En el\nrecinto de ASOGAMA se realizan los preparativos para la realizaci\u00f3n de la\nferia, que este a\u00f1o tiene numerosas novedades. <\/p>\n\n\n\n<p>A la tradicional jura de\novinos y bovinos, en las que participar\u00e1n m\u00e1s de 300 animales, se suma una zona\nde juegos para ni\u00f1os, feria hortifruticola,&nbsp;\na cargo de INDAP, el Ej\u00e9rcito participar\u00e1 con un cuadro escuestre, se\nmontar\u00e1s dos domos en los que se ubicar\u00e1n las empresas auspiciadoras, que este\na\u00f1o suman 30. <\/p>\n\n\n\n<p>En la zona de ni\u00f1os se\nubicar\u00e1n juegos inflables, as\u00ed como una kermeses, relacionada con el trabajo y\nvida de campo. Este espacio contar\u00e1 con todas las comodidades y seguridad para\nla familia. <\/p>\n\n\n\n<p>Uno de los atractivos nuevos\nde este a\u00f1o es el sal\u00f3n gourmet, donde m\u00e1s de 15 emprendedores presentar\u00e1n sus\nproductos relacionado con el mundo del agro y en el acceso a este lugar se\nubicar\u00e1 un comedor al aire libre, pero confortable y amplio, donde se podr\u00e1\ndegustar del tradicional asado al palo y otras recetas t\u00edpicas del campo\npatag\u00f3nico. <\/p>\n\n\n\n<p>. El valor de la entrada para\nla feria ser\u00e1 de 2500 pesos y los ni\u00f1os (menores de 12 a\u00f1os) y adultos mayores\ningresan gratis. Uno de los principales cambios de esta versi\u00f3n es que el\nacceso ser\u00e1 por avenida Bulnes, para brindar comodidad a los asistentes y a los\nvecinos del sector. El nuevo acceso permite un ordenamiento distinto de los\ndiversos espacios. &nbsp;En otro sector se\nubicar\u00e1 la feria hortofrut\u00edcola y artesan\u00edas. Adem\u00e1s se considera un escenario para\nla presentaci\u00f3n de conjuntos folcl\u00f3ricos, baile, cantantes y diversas\nmanifestaciones de arte. <\/p>\n\n\n\n<p>Respecto de la muestra\nganadera, que es la esencia del evento, este a\u00f1o se considera la competencia de\n14 planteles y ser\u00e1n cerca de 300 ovinos y 20 vacunos participando en esta\nversi\u00f3n. <\/p>\n","protected":false},"excerpt":{"rendered":"<p>La EXPOGAMA 2019 se prepara para ofrecer diversos y variados panoramas para este fin de semana. En el recinto de ASOGAMA se realizan los preparativos para la realizaci\u00f3n de la&#8230; <a class=\"read-more\" href=\"https:\/\/www.radiopresidenteibanez.cl\/web\/se-ultiman-detalles-para-la-fiesta-del-campo-mas-importante-de-magallanes\/\">Leer m\u00e1s<\/a><\/p>\n","protected":false},"author":2,"featured_media":1644,"comment_status":"closed","ping_status":"closed","sticky":false,"template":"","format":"standard","meta":{"footnotes":""},"categories":[1],"tags":[],"class_list":["post-1643","post","type-post","status-publish","format-standard","has-post-thumbnail","hentry","category-cronica"],"_links":{"self":[{"href":"https:\/\/www.radiopresidenteibanez.cl\/web\/wp-json\/wp\/v2\/posts\/1643","targetHints":{"allow":["GET"]}}],"collection":[{"href":"https:\/\/www.radiopresidenteibanez.cl\/web\/wp-json\/wp\/v2\/posts"}],"about":[{"href":"https:\/\/www.radiopresidenteibanez.cl\/web\/wp-json\/wp\/v2\/types\/post"}],"author":[{"embeddable":true,"href":"https:\/\/www.radiopresidenteibanez.cl\/web\/wp-json\/wp\/v2\/users\/2"}],"replies":[{"embeddable":true,"href":"https:\/\/www.radiopresidenteibanez.cl\/web\/wp-json\/wp\/v2\/comments?post=1643"}],"version-history":[{"count":0,"href":"https:\/\/www.radiopresidenteibanez.cl\/web\/wp-json\/wp\/v2\/posts\/1643\/revisions"}],"wp:featuredmedia":[{"embeddable":true,"href":"https:\/\/www.radiopresidenteibanez.cl\/web\/wp-json\/wp\/v2\/media\/1644"}],"wp:attachment":[{"href":"https:\/\/www.radiopresidenteibanez.cl\/web\/wp-json\/wp\/v2\/media?parent=1643"}],"wp:term":[{"taxonomy":"category","embeddable":true,"href":"https:\/\/www.radiopresidenteibanez.cl\/web\/wp-json\/wp\/v2\/categories?post=1643"},{"taxonomy":"post_tag","embeddable":true,"href":"https:\/\/www.radiopresidenteibanez.cl\/web\/wp-json\/wp\/v2\/tags?post=1643"}],"curies":[{"name":"wp","href":"https:\/\/api.w.org\/{rel}","templated":true}]}}