{"id":16427,"date":"2020-11-27T03:15:00","date_gmt":"2020-11-27T03:15:00","guid":{"rendered":"https:\/\/www.radiopresidenteibanez.cl\/web\/?p=16427"},"modified":"2020-11-26T18:07:03","modified_gmt":"2020-11-26T18:07:03","slug":"ministerio-de-desarrollo-social-y-familia-y-alcaldes-de-magallanes-refuerzan-llamado-a-contestar-encuesta-casen-en-pandemia-2020","status":"publish","type":"post","link":"https:\/\/www.radiopresidenteibanez.cl\/web\/ministerio-de-desarrollo-social-y-familia-y-alcaldes-de-magallanes-refuerzan-llamado-a-contestar-encuesta-casen-en-pandemia-2020\/","title":{"rendered":"MINISTERIO DE DESARROLLO SOCIAL Y FAMILIA Y ALCALDES DE MAGALLANES REFUERZAN LLAMADO A CONTESTAR ENCUESTA CASEN EN PANDEMIA 2020"},"content":{"rendered":"\n<p>La subsecretaria de Evaluaci\u00f3n Social, Alejandra Candia, acompa\u00f1ada de la Seremi de Desarrollo Social y Familia de la regi\u00f3n de Magallanes y de la Ant\u00e1rtica Chilena, Liz Casanueva, participaron esta tarde de una reuni\u00f3n junto a los alcaldes de Punta Arenas, Claudio Radonich; de Porvenir, Marisol Andrade, y la Directora de Desarrollo Comunitario de Puerto Natales, Claribel Barr\u00eda.<\/p>\n\n\n\n<p>En la instancia, la subsecretaria Candia explic\u00f3 el desarrollo de esta encuesta Casen en Pandemia 2020, la que a ra\u00edz de la emergencia sanitaria cambi\u00f3 a una modalidad mixta secuencial, que incluye&nbsp;&nbsp;una fase de pre contacto en la que, de forma presencial, se obtendr\u00e1n los n\u00fameros telef\u00f3nicos de las personas para poder ser encuestadas posteriormente de manera telef\u00f3nica.<\/p>\n\n\n\n<p>Este trabajo es realizado en conjunto con el Centro de Encuestas y Estudios Longitudinales de la Pontificia Universidad Cat\u00f3lica (CEEL), se lleva a cabo bajo un estricto seguimiento de los protocolos y resguardos sanitarios recomendados por el Ministerio de Salud y la Organizaci\u00f3n Mundial de la Salud (OMS) para cuidar de la salud de los encuestados y encuestadores durante todo el proceso.<\/p>\n\n\n\n<p>En la regi\u00f3n son 3.102 las viviendas que forman parte de la muestra seleccionada para ser parte del proceso, lo que corresponde a un 1,2% del total de encuestados a nivel nacional (103.030 hogares). Todas ellas ser\u00e1n visitadas por los 12 encuestadores que dispone el CEEL en Magallanes.<\/p>\n\n\n\n<p>De acuerdo a los datos entregados por la Subsecretar\u00eda de Evaluaci\u00f3n Social, en la regi\u00f3n hay un total de 2.104 pre contactos logrados (67,8%) y 158 pre contactos rechazados (5,1%). A nivel comunal, Punta Arenas presenta la mayor tasa de rechazo en la regi\u00f3n con 5,6%, seguida de Puerto Natales (4,0%) y Porvenir (1,8%).&nbsp;&nbsp;<\/p>\n\n\n\n<p>Ante este escenario, la subsecretaria Candia, se\u00f1al\u00f3 que \u00abcomo Ministerio de Desarrollo Social y Familia vemos con preocupaci\u00f3n los indicadores de alto rechazo en las comunas de la regi\u00f3n. La encuesta Casen en Pandemia es una herramienta que nos permite tener un diagn\u00f3stico de la situaci\u00f3n socioecon\u00f3mica de los hogares, es una radiograf\u00eda que nos permite desarrollar las pol\u00edticas p\u00fablicas adecuadas que vayan en ayuda de quienes m\u00e1s lo necesitan, por lo que cada una de las respuestas de los hogares visitados en Punta Arenas, Porvenir y Puerto Natales son tan importantes\u201d.<\/p>\n\n\n\n<p>En la misma l\u00ednea, reforz\u00f3 el llamado a los hogares a contestar el tel\u00e9fono se\u00f1alando \u201cqueremos transmitir que esto es un proceso confiable y seguro, ya que toda la informaci\u00f3n que nos entreguen las familias ser\u00e1n resguardadas y se velar\u00e1 por su absoluta confidencialidad\u00bb.<\/p>\n\n\n\n<p>Por su parte, la seremi de Desarrollo Social y Familia de Magallanes, Liz Casanueva, manifest\u00f3 que \u201cnecesitamos de la ayuda de todos para generar un proceso exitoso que nos permita identificar las carencias y dificultades que enfrentamos como sociedad. Las visitas a terreno en todas las regiones comenzaron el 21 de septiembre y se extender\u00e1 hasta diciembre, a excepci\u00f3n de 22 comunas catalogadas como \u00e1reas de dif\u00edcil acceso por el Instituto Nacional de Estad\u00edsticas (INE), dentro de las cuales se ubican Laguna Blanca, R\u00edo Verde, San Gregorio, Cabo de Hornos, Ant\u00e1rtica, Primavera, Timaukel y Torres del Paine\u201d.<\/p>\n\n\n\n<p>El proceso de levantamiento de informaci\u00f3n a trav\u00e9s de las encuestas telef\u00f3nicas se realizar\u00e1 hasta el pr\u00f3ximo 31 de enero, con lo que se contar\u00e1 con resultados con representatividad nacional y regional a fines del primer semestre del pr\u00f3ximo a\u00f1o.<\/p>\n\n\n\n<p>Los encuestadores ser\u00e1n contratados por la Universidad Cat\u00f3lica y las familias podr\u00e1n siempre exigir la credencial y carta institucional de los encuestadores, pudiendo verificar la identidad de ellos en el sitio&nbsp;<a href=\"https:\/\/casenpandemia2020.cl\/\" target=\"_blank\" rel=\"noreferrer noopener\">https:\/\/casenpandemia2020.cl\/<\/a><\/p>\n","protected":false},"excerpt":{"rendered":"<p>La subsecretaria de Evaluaci\u00f3n Social, Alejandra Candia, acompa\u00f1ada de la Seremi de Desarrollo Social y Familia de la regi\u00f3n de Magallanes y de la Ant\u00e1rtica Chilena, Liz Casanueva, participaron esta&#8230; <a class=\"read-more\" href=\"https:\/\/www.radiopresidenteibanez.cl\/web\/ministerio-de-desarrollo-social-y-familia-y-alcaldes-de-magallanes-refuerzan-llamado-a-contestar-encuesta-casen-en-pandemia-2020\/\">Leer m\u00e1s<\/a><\/p>\n","protected":false},"author":2,"featured_media":16428,"comment_status":"closed","ping_status":"closed","sticky":false,"template":"","format":"standard","meta":{"footnotes":""},"categories":[1],"tags":[],"class_list":["post-16427","post","type-post","status-publish","format-standard","has-post-thumbnail","hentry","category-cronica"],"_links":{"self":[{"href":"https:\/\/www.radiopresidenteibanez.cl\/web\/wp-json\/wp\/v2\/posts\/16427","targetHints":{"allow":["GET"]}}],"collection":[{"href":"https:\/\/www.radiopresidenteibanez.cl\/web\/wp-json\/wp\/v2\/posts"}],"about":[{"href":"https:\/\/www.radiopresidenteibanez.cl\/web\/wp-json\/wp\/v2\/types\/post"}],"author":[{"embeddable":true,"href":"https:\/\/www.radiopresidenteibanez.cl\/web\/wp-json\/wp\/v2\/users\/2"}],"replies":[{"embeddable":true,"href":"https:\/\/www.radiopresidenteibanez.cl\/web\/wp-json\/wp\/v2\/comments?post=16427"}],"version-history":[{"count":0,"href":"https:\/\/www.radiopresidenteibanez.cl\/web\/wp-json\/wp\/v2\/posts\/16427\/revisions"}],"wp:featuredmedia":[{"embeddable":true,"href":"https:\/\/www.radiopresidenteibanez.cl\/web\/wp-json\/wp\/v2\/media\/16428"}],"wp:attachment":[{"href":"https:\/\/www.radiopresidenteibanez.cl\/web\/wp-json\/wp\/v2\/media?parent=16427"}],"wp:term":[{"taxonomy":"category","embeddable":true,"href":"https:\/\/www.radiopresidenteibanez.cl\/web\/wp-json\/wp\/v2\/categories?post=16427"},{"taxonomy":"post_tag","embeddable":true,"href":"https:\/\/www.radiopresidenteibanez.cl\/web\/wp-json\/wp\/v2\/tags?post=16427"}],"curies":[{"name":"wp","href":"https:\/\/api.w.org\/{rel}","templated":true}]}}