{"id":16424,"date":"2020-11-27T03:00:00","date_gmt":"2020-11-27T03:00:00","guid":{"rendered":"https:\/\/www.radiopresidenteibanez.cl\/web\/?p=16424"},"modified":"2020-11-26T18:04:40","modified_gmt":"2020-11-26T18:04:40","slug":"orquestas-juveniles-e-infantiles-foji-abrio-postulaciones-para-nuevos-talentos-en-magallanes","status":"publish","type":"post","link":"https:\/\/www.radiopresidenteibanez.cl\/web\/orquestas-juveniles-e-infantiles-foji-abrio-postulaciones-para-nuevos-talentos-en-magallanes\/","title":{"rendered":"ORQUESTAS JUVENILES E INFANTILES (FOJI) ABRI\u00d3 POSTULACIONES PARA NUEVOS TALENTOS EN MAGALLANES"},"content":{"rendered":"\n<p>La Fundaci\u00f3n de Orquestas Juveniles e Infantiles de Chile\n(Foji) se encuentra en proceso de recepci\u00f3n de antecedentes de quienes deseen\nformar parte de este programa que entrega oportunidades de crecimiento musical\na miles de ni\u00f1os y j\u00f3venes del pa\u00eds.<\/p>\n\n\n\n<p>El llamado est\u00e1 abierto hasta el 6 de diciembre a las 23.59\nhoras, y permitir\u00e1 a 42 personas de entre 9 y 19 a\u00f1os de edad, acceder a becas\nde car\u00e1cter formativo que contar\u00e1n con el apoyo de directores e instructores\nprofesionales de la Fundaci\u00f3n.<\/p>\n\n\n\n<p>Los cupos disponibles en la regi\u00f3n de Magallanes, son para\nlos siguientes instrumentos: Viol\u00edn (14), Viola (5), Violoncello (4),\nContrabajo (2), Flauta (2), Oboe (2), Clarinete (2), Fagot (2), Corno (2), Trompeta\n(2), Tromb\u00f3n (1), Tuba (1) y Percusi\u00f3n (3).<\/p>\n\n\n\n<p>\u201cLos quiero dejar cordialmente invitados a ustedes, ni\u00f1os y\nj\u00f3venes de la regi\u00f3n de Magallanes, a que postulen a nuestra orquesta. Tenemos\n42 cupos, que ustedes pueden revisar en www.orquestajuvenil.cl. Ah\u00ed est\u00e1n todas\nlas bases de este concurso y espero que puedan participar para ser parte de\nesta orquesta y representantes de su regi\u00f3n\u201d, afirm\u00f3 el director de la Orquesta\nSinf\u00f3nica Juvenil de Magallanes, Alexander Sep\u00falveda.<\/p>\n\n\n\n<p>Adem\u00e1s de la pr\u00e1ctica orquestal formativa, la Fundaci\u00f3n\nentrega apoyo psicosocial y una subvenci\u00f3n econ\u00f3mica a los estudiantes,\ndestinada a cubrir parcialmente los gastos derivados de su formaci\u00f3n musical.<\/p>\n\n\n\n<p>Las bases del concurso pueden descargarse en el siguiente\nlink: http:\/\/orquestajuvenil.cl\/foji\/se-parte-del-programa-de-orquestas-sinfonicas-juveniles-regionales-2021-postula-aqui\/<\/p>\n","protected":false},"excerpt":{"rendered":"<p>La Fundaci\u00f3n de Orquestas Juveniles e Infantiles de Chile (Foji) se encuentra en proceso de recepci\u00f3n de antecedentes de quienes deseen formar parte de este programa que entrega oportunidades de&#8230; <a class=\"read-more\" href=\"https:\/\/www.radiopresidenteibanez.cl\/web\/orquestas-juveniles-e-infantiles-foji-abrio-postulaciones-para-nuevos-talentos-en-magallanes\/\">Leer m\u00e1s<\/a><\/p>\n","protected":false},"author":2,"featured_media":16425,"comment_status":"closed","ping_status":"closed","sticky":false,"template":"","format":"standard","meta":{"footnotes":""},"categories":[1],"tags":[],"class_list":["post-16424","post","type-post","status-publish","format-standard","has-post-thumbnail","hentry","category-cronica"],"_links":{"self":[{"href":"https:\/\/www.radiopresidenteibanez.cl\/web\/wp-json\/wp\/v2\/posts\/16424","targetHints":{"allow":["GET"]}}],"collection":[{"href":"https:\/\/www.radiopresidenteibanez.cl\/web\/wp-json\/wp\/v2\/posts"}],"about":[{"href":"https:\/\/www.radiopresidenteibanez.cl\/web\/wp-json\/wp\/v2\/types\/post"}],"author":[{"embeddable":true,"href":"https:\/\/www.radiopresidenteibanez.cl\/web\/wp-json\/wp\/v2\/users\/2"}],"replies":[{"embeddable":true,"href":"https:\/\/www.radiopresidenteibanez.cl\/web\/wp-json\/wp\/v2\/comments?post=16424"}],"version-history":[{"count":0,"href":"https:\/\/www.radiopresidenteibanez.cl\/web\/wp-json\/wp\/v2\/posts\/16424\/revisions"}],"wp:featuredmedia":[{"embeddable":true,"href":"https:\/\/www.radiopresidenteibanez.cl\/web\/wp-json\/wp\/v2\/media\/16425"}],"wp:attachment":[{"href":"https:\/\/www.radiopresidenteibanez.cl\/web\/wp-json\/wp\/v2\/media?parent=16424"}],"wp:term":[{"taxonomy":"category","embeddable":true,"href":"https:\/\/www.radiopresidenteibanez.cl\/web\/wp-json\/wp\/v2\/categories?post=16424"},{"taxonomy":"post_tag","embeddable":true,"href":"https:\/\/www.radiopresidenteibanez.cl\/web\/wp-json\/wp\/v2\/tags?post=16424"}],"curies":[{"name":"wp","href":"https:\/\/api.w.org\/{rel}","templated":true}]}}