{"id":16421,"date":"2020-11-27T02:45:00","date_gmt":"2020-11-27T02:45:00","guid":{"rendered":"https:\/\/www.radiopresidenteibanez.cl\/web\/?p=16421"},"modified":"2020-11-26T17:26:28","modified_gmt":"2020-11-26T17:26:28","slug":"union-comunal-de-adultos-mayores-de-punta-arenas-entrega-80-kits-de-sanitizacion-para-sus-pares-postrados","status":"publish","type":"post","link":"https:\/\/www.radiopresidenteibanez.cl\/web\/union-comunal-de-adultos-mayores-de-punta-arenas-entrega-80-kits-de-sanitizacion-para-sus-pares-postrados\/","title":{"rendered":"UNI\u00d3N COMUNAL DE ADULTOS MAYORES DE PUNTA ARENAS  ENTREGA 80 KITS DE SANITIZACI\u00d3N PARA SUS PARES POSTRADOS"},"content":{"rendered":"\n<p>El autocuidado resulta fundamental en tiempos de Pandemia,\npor ello la Uni\u00f3n Comunal de Adultos Mayores de Punta Arenas (UCAM) se\nencuentra ejecutando el proyecto \u201cPromoviendo el autocuidado a sus adultos\nmayores postrados\u201d, gracias al Fondo de Fortalecimiento de Organizaciones de\nInter\u00e9s P\u00fablico del ministerio Secretar\u00eda General de Gobierno.<\/p>\n\n\n\n<p>La iniciativa busca apoyar a un total de 80 adultos mayores\npostrados con la entrega de kits de sanitizaci\u00f3n y pa\u00f1ales, con la finalidad de\nayudarles a mejorar su calidad de vida en estos dif\u00edciles momentos de crisis\nsanitaria, entendiendo que muchas veces sus familiares o cuidadores, no cuentan\ncon los recursos para poder acceder a estos art\u00edculos esenciales. <\/p>\n\n\n\n<p>La directiva de la UCAM que encabeza Rosita Hern\u00e1ndez junto a\nla seremi de Gobierno, Alejandra Mu\u00f1oz, comenzaron la entrega de los kits y un\nd\u00edptico con informaci\u00f3n de autocuidado en distintos sectores de la ciudad.<\/p>\n\n\n\n<p>La vocera del Gobierno Regional destac\u00f3 la iniciativa y la\nposibilidad de participar en la entrega de los insumos para los adultos mayores\npostrados.<\/p>\n\n\n\n<p>\u201cEstamos muy contentos de acompa\u00f1ar a la UCAM en la entrega y\nde financiar este tipo de iniciativas. Esperamos que a pesar de los momentos\nadversos que estamos viviendo, las organizaciones sociales sigan motiv\u00e1ndose a\npostular a este tipo de proyectos\u201d, se\u00f1al\u00f3.<\/p>\n\n\n\n<p>En tanto, Rosita Hern\u00e1ndez agradeci\u00f3 el haberse adjudicado\neste Fondo que les permite fortalecer el trabajo que realiza el voluntariado,\nentregando ayuda y elevando la autoestima de sus asociados a quienes asisten\ndurante todo el a\u00f1o. <\/p>\n","protected":false},"excerpt":{"rendered":"<p>El autocuidado resulta fundamental en tiempos de Pandemia, por ello la Uni\u00f3n Comunal de Adultos Mayores de Punta Arenas (UCAM) se encuentra ejecutando el proyecto \u201cPromoviendo el autocuidado a sus&#8230; <a class=\"read-more\" href=\"https:\/\/www.radiopresidenteibanez.cl\/web\/union-comunal-de-adultos-mayores-de-punta-arenas-entrega-80-kits-de-sanitizacion-para-sus-pares-postrados\/\">Leer m\u00e1s<\/a><\/p>\n","protected":false},"author":2,"featured_media":16422,"comment_status":"closed","ping_status":"closed","sticky":false,"template":"","format":"standard","meta":{"footnotes":""},"categories":[1],"tags":[],"class_list":["post-16421","post","type-post","status-publish","format-standard","has-post-thumbnail","hentry","category-cronica"],"_links":{"self":[{"href":"https:\/\/www.radiopresidenteibanez.cl\/web\/wp-json\/wp\/v2\/posts\/16421","targetHints":{"allow":["GET"]}}],"collection":[{"href":"https:\/\/www.radiopresidenteibanez.cl\/web\/wp-json\/wp\/v2\/posts"}],"about":[{"href":"https:\/\/www.radiopresidenteibanez.cl\/web\/wp-json\/wp\/v2\/types\/post"}],"author":[{"embeddable":true,"href":"https:\/\/www.radiopresidenteibanez.cl\/web\/wp-json\/wp\/v2\/users\/2"}],"replies":[{"embeddable":true,"href":"https:\/\/www.radiopresidenteibanez.cl\/web\/wp-json\/wp\/v2\/comments?post=16421"}],"version-history":[{"count":0,"href":"https:\/\/www.radiopresidenteibanez.cl\/web\/wp-json\/wp\/v2\/posts\/16421\/revisions"}],"wp:featuredmedia":[{"embeddable":true,"href":"https:\/\/www.radiopresidenteibanez.cl\/web\/wp-json\/wp\/v2\/media\/16422"}],"wp:attachment":[{"href":"https:\/\/www.radiopresidenteibanez.cl\/web\/wp-json\/wp\/v2\/media?parent=16421"}],"wp:term":[{"taxonomy":"category","embeddable":true,"href":"https:\/\/www.radiopresidenteibanez.cl\/web\/wp-json\/wp\/v2\/categories?post=16421"},{"taxonomy":"post_tag","embeddable":true,"href":"https:\/\/www.radiopresidenteibanez.cl\/web\/wp-json\/wp\/v2\/tags?post=16421"}],"curies":[{"name":"wp","href":"https:\/\/api.w.org\/{rel}","templated":true}]}}