{"id":16417,"date":"2020-11-27T02:30:44","date_gmt":"2020-11-27T02:30:44","guid":{"rendered":"https:\/\/www.radiopresidenteibanez.cl\/web\/?p=16417"},"modified":"2020-11-26T14:30:51","modified_gmt":"2020-11-26T14:30:51","slug":"serviu-se-reunio-con-agrupaciones-que-esperan-revision-de-proyectos-para-postular-a-subsidios","status":"publish","type":"post","link":"https:\/\/www.radiopresidenteibanez.cl\/web\/serviu-se-reunio-con-agrupaciones-que-esperan-revision-de-proyectos-para-postular-a-subsidios\/","title":{"rendered":"SERVIU SE REUNI\u00d3 CON AGRUPACIONES QUE ESPERAN REVISI\u00d3N DE PROYECTOS PARA POSTULAR A SUBSIDIOS"},"content":{"rendered":"\n<p>En un encuentro que los dirigentes, de las agrupaciones de vivienda \u201cTodo por un Sue\u00f1o\u201d y \u201cHaciendo Realidad un Sue\u00f1o 3\u201d, catalogaron como aclaratoria, el director regional y un equipo de profesionales del Servicio de Vivienda y Urbanizaci\u00f3n (Serviu), se reunieron con los representantes de estos grupos y la Entidad Patrocinante Ebco, para explicarles sobre el proceso de revisi\u00f3n de sus proyectos habitacionales y las observaciones que las distintas \u00e1reas de revisi\u00f3n han hecho y que deben ser corregidas, para avanzar hacia la aprobaci\u00f3n de los proyectos que les permite en un corto plazo, postular a subsidios del Fondo Solidario de Elecci\u00f3n de Vivienda modalidad colectiva.<\/p>\n\n\n\n<p>En la instancia, el director de Serviu Dubalio P\u00e9rez fue enf\u00e1tico en se\u00f1alarles que las revisiones de aspectos sociales, jur\u00eddicos, de asistencia t\u00e9cnica y t\u00e9cnicos propiamente tal, se realizan porque lo exige la normativa del Decreto Supero N\u00b049. Destac\u00f3 que fue una reuni\u00f3n \u201cbastante provechosa, para aclarar dudas y explicarles a los vecinos que estos procesos de revisi\u00f3n son m\u00e1s que nada para asegurar una buena calidad de los proyectos, en el sentido que cumplan con toda la normativa, cumplan con normas de fuego, de seguridad, que cumplan con los distanciamientos, por nombrar algunos aspectos. Que no es un proceso burocr\u00e1tico que pueda demorar la ejecuci\u00f3n, aqu\u00ed la finalidad principal es para que salga el mejor proyecto y eso se lo hicimos saber a los vecinos. Les explicamos las observaciones que tiene el proyecto y a la empresa, que es la que tiene que subsanarlas, y puedan postular sus proyectos a la brevedad\u201d.<\/p>\n\n\n\n<p>Para el presidente de la agrupaci\u00f3n Todo por un Sue\u00f1o, H\u00e9ctor Aguilar, la instancia fue \u201cbastante buena. Nosotros ten\u00edamos la pura versi\u00f3n de la empresa y no la versi\u00f3n de Serviu, entonces aqu\u00ed se pudo ver y entender mejor las cosas y ver por qu\u00e9 hab\u00eda una traba que estaba poniendo Serviu, que se puede solucionar y que ahora le toca a la Entidad Patrocinante hacer. Le agradezco al director que nos haya atendido con su equipo t\u00e9cnico, es importante, porque nos explicaron las cosas bien claras, cosas que uno no conoce del sistema\u201d.<\/p>\n\n\n\n<p>Mientras, la representante de la agrupaci\u00f3n Haciendo Realidad un Sue\u00f1o, Jacqueline Mu\u00f1oz, manifest\u00f3 que la reuni\u00f3n los deja m\u00e1s tranquilos. \u201cestando la empresa aqu\u00ed, Serviu y todos juntos en realidad, qued\u00f3 un poco m\u00e1s claro lo que se tiene que arreglar y lo que tenemos que hablar con la Entidad Patrocinante\u201d.<\/p>\n\n\n\n<p>Una vez que la Entidad Patrocinante Ebco, que tiene a su cargo ambos grupos, presente las correcciones a las observaciones, se finalizar\u00e1 la revisi\u00f3n para que los proyectos queden h\u00e1biles para postular al pr\u00f3ximo Llamado de selecci\u00f3n, lo que, igualmente, seg\u00fan lo explicado en la reuni\u00f3n, no asegura la selecci\u00f3n inmediata, ya que son procesos que lleva adelante el Ministerio y en el que participan proyectos de todas las regiones, como tambi\u00e9n se deber\u00e1 contar con el pronunciamiento del Consejo Regional, respecto al cofinanciamiento de ambos proyectos, en el marco del convenio de programaci\u00f3n vigente entre el Ministerio de Vivienda y Urbanismo y Gobierno Regional.<\/p>\n","protected":false},"excerpt":{"rendered":"<p>En un encuentro que los dirigentes, de las agrupaciones de vivienda \u201cTodo por un Sue\u00f1o\u201d y \u201cHaciendo Realidad un Sue\u00f1o 3\u201d, catalogaron como aclaratoria, el director regional y un equipo&#8230; <a class=\"read-more\" href=\"https:\/\/www.radiopresidenteibanez.cl\/web\/serviu-se-reunio-con-agrupaciones-que-esperan-revision-de-proyectos-para-postular-a-subsidios\/\">Leer m\u00e1s<\/a><\/p>\n","protected":false},"author":2,"featured_media":16418,"comment_status":"closed","ping_status":"closed","sticky":false,"template":"","format":"standard","meta":{"footnotes":""},"categories":[1],"tags":[],"class_list":["post-16417","post","type-post","status-publish","format-standard","has-post-thumbnail","hentry","category-cronica"],"_links":{"self":[{"href":"https:\/\/www.radiopresidenteibanez.cl\/web\/wp-json\/wp\/v2\/posts\/16417","targetHints":{"allow":["GET"]}}],"collection":[{"href":"https:\/\/www.radiopresidenteibanez.cl\/web\/wp-json\/wp\/v2\/posts"}],"about":[{"href":"https:\/\/www.radiopresidenteibanez.cl\/web\/wp-json\/wp\/v2\/types\/post"}],"author":[{"embeddable":true,"href":"https:\/\/www.radiopresidenteibanez.cl\/web\/wp-json\/wp\/v2\/users\/2"}],"replies":[{"embeddable":true,"href":"https:\/\/www.radiopresidenteibanez.cl\/web\/wp-json\/wp\/v2\/comments?post=16417"}],"version-history":[{"count":0,"href":"https:\/\/www.radiopresidenteibanez.cl\/web\/wp-json\/wp\/v2\/posts\/16417\/revisions"}],"wp:featuredmedia":[{"embeddable":true,"href":"https:\/\/www.radiopresidenteibanez.cl\/web\/wp-json\/wp\/v2\/media\/16418"}],"wp:attachment":[{"href":"https:\/\/www.radiopresidenteibanez.cl\/web\/wp-json\/wp\/v2\/media?parent=16417"}],"wp:term":[{"taxonomy":"category","embeddable":true,"href":"https:\/\/www.radiopresidenteibanez.cl\/web\/wp-json\/wp\/v2\/categories?post=16417"},{"taxonomy":"post_tag","embeddable":true,"href":"https:\/\/www.radiopresidenteibanez.cl\/web\/wp-json\/wp\/v2\/tags?post=16417"}],"curies":[{"name":"wp","href":"https:\/\/api.w.org\/{rel}","templated":true}]}}