{"id":16414,"date":"2020-11-27T02:30:07","date_gmt":"2020-11-27T02:30:07","guid":{"rendered":"https:\/\/www.radiopresidenteibanez.cl\/web\/?p=16414"},"modified":"2020-11-26T13:39:36","modified_gmt":"2020-11-26T13:39:36","slug":"se-inician-formalmente-los-procesos-para-proteger-humedales-urbanos","status":"publish","type":"post","link":"https:\/\/www.radiopresidenteibanez.cl\/web\/se-inician-formalmente-los-procesos-para-proteger-humedales-urbanos\/","title":{"rendered":"SE INICIAN FORMALMENTE LOS PROCESOS PARA PROTEGER HUMEDALES URBANOS"},"content":{"rendered":"\n<p>El martes, comenzaron a implementarse los procesos de reconocimiento de la calidad de humedales urbanos y se establecen los criterios m\u00ednimos para su sustentabilidad. Esto, luego de publicarse el Reglamento de la Ley 21.202 de humedales urbanos en el Diario Oficial, con la finalidad de buscar el resguardo efectivo de los beneficios que estos ecosistemas entregan a las ciudades, como \u00e1reas verdes, recreaci\u00f3n, control de inundaciones y mitigaci\u00f3n del cambio clim\u00e1tico. <br>\n\u201cPara el Ministerio del Medio Ambiente y para nuestra Secretar\u00eda Regional es una excelente noticia, pues los humedales urbanos prestan beneficios socioambientales fundamentales para las comunidades, protegi\u00e9ndonos de eventos extremos, regulando el clima y siendo fuente de agua y alimento, que son claves para el desarrollo local, se\u00f1al\u00f3 la Seremi (S) del Medio Ambiente, Pamela \u00c1vila Santib\u00e1\u00f1ez.  <\/p>\n\n\n\n<p>Junto con ello, la autoridad (S) de la cartera ambiental en Magallanes se\u00f1al\u00f3 que el reglamento exige un est\u00e1ndar de conservaci\u00f3n por medio de criterios m\u00ednimos de sustentabilidad que relevan el rol de estos ecosistemas en el desarrollo arm\u00f3nico de las ciudades y en la calidad de vida de las personas, agregando adem\u00e1s que: \u201cComo Ministerio estamos desarrollando una lista de humedales prioritarios que buscaremos proteger por oficio, para asegurar que los m\u00e1s relevantes en biodiversidad y servicios ecosist\u00e9micos sean protegidos prontamente bajo esta ley\u201d, puntualiz\u00f3 Santib\u00e1\u00f1ez.<\/p>\n\n\n\n<p>Por su parte, el profesional encargado de Recursos Naturales y Biodiversidad de la Secretar\u00eda del Medio Ambiente, Juan Fco. Pizarro, manifest\u00f3 que en una primera instancia el Humedal Tres Puentes y el Parque Mar\u00eda Behety est\u00e1n priorizados a nivel regional para ser declarados como un Humedal Urbano no obstante, existen otros lugares como la costanera de Porvenir, la costanera de Natales, la laguna Pudeto (Punta Arenas), o el sector del \u00abturbal\u00bb, Seno Lauta, Seno Micalvi, y punta Gusano en Puerto Williams que ya est\u00e1n en cartera para las futuras designaciones. Sumados a ellos, existen una serie de otros espacios que est\u00e1n siendo analizados y que a futuro esperamos poder ir sumando a esta red de humedales a nivel regional, se\u00f1al\u00f3 el profesional.<\/p>\n\n\n\n<p>\u201cEs importante resaltar, adem\u00e1s, que una vez designados, la gesti\u00f3n de estos espacios se materializa a trav\u00e9s de un Plan de Manejo, instancia que la Seremi del Medio Ambiente ya se encuentra trabajando para los dos primeros humedales a designar (Tres Puentes y Mar\u00eda Behety), el cual ser\u00e1 elaborado con participaci\u00f3n ciudadana mediante la metodolog\u00eda de est\u00e1ndares de conservaci\u00f3n, y para lo cual ya se han sostenido instancias de conversaci\u00f3n con la Agrupaci\u00f3n Ecol\u00f3gica Patag\u00f3nica y la Municipalidad de Punta Arenas con miras a la conformaci\u00f3n del Comit\u00e9 Comunal de Humedales Urbanos de Punta Arenas, y posteriormente  avanzar en la conformaci\u00f3n de los otros comit\u00e9s comunales en Natales, Porvenir y Puerto Williams, para  finalmente contar con una instancia de participaci\u00f3n a nivel Regional\u201d, agreg\u00f3 Pizarro.<\/p>\n\n\n\n<p>Los procedimientos para reconocer humedales urbanos que incluye el reglamento, considera la recepci\u00f3n de solicitudes de declaraci\u00f3n de humedales urbanos por parte de los municipios y el reconocimiento de humedales de oficio por parte del Ministerio de Medio Ambiente, acci\u00f3n que marca un esfuerzo conjunto entre ambas entidades.<br>\nEl reglamento se encuentra publicado en el diario oficial y se puede acceder aqu\u00ed: <br>\nhttps:\/\/www.diariooficial.interior.gob.cl\/publicaciones\/2020\/11\/24\/42813\/01\/1850809.pdf<\/p>\n","protected":false},"excerpt":{"rendered":"<p>El martes, comenzaron a implementarse los procesos de reconocimiento de la calidad de humedales urbanos y se establecen los criterios m\u00ednimos para su sustentabilidad. Esto, luego de publicarse el Reglamento&#8230; <a class=\"read-more\" href=\"https:\/\/www.radiopresidenteibanez.cl\/web\/se-inician-formalmente-los-procesos-para-proteger-humedales-urbanos\/\">Leer m\u00e1s<\/a><\/p>\n","protected":false},"author":2,"featured_media":16415,"comment_status":"closed","ping_status":"closed","sticky":false,"template":"","format":"standard","meta":{"footnotes":""},"categories":[1],"tags":[],"class_list":["post-16414","post","type-post","status-publish","format-standard","has-post-thumbnail","hentry","category-cronica"],"_links":{"self":[{"href":"https:\/\/www.radiopresidenteibanez.cl\/web\/wp-json\/wp\/v2\/posts\/16414","targetHints":{"allow":["GET"]}}],"collection":[{"href":"https:\/\/www.radiopresidenteibanez.cl\/web\/wp-json\/wp\/v2\/posts"}],"about":[{"href":"https:\/\/www.radiopresidenteibanez.cl\/web\/wp-json\/wp\/v2\/types\/post"}],"author":[{"embeddable":true,"href":"https:\/\/www.radiopresidenteibanez.cl\/web\/wp-json\/wp\/v2\/users\/2"}],"replies":[{"embeddable":true,"href":"https:\/\/www.radiopresidenteibanez.cl\/web\/wp-json\/wp\/v2\/comments?post=16414"}],"version-history":[{"count":0,"href":"https:\/\/www.radiopresidenteibanez.cl\/web\/wp-json\/wp\/v2\/posts\/16414\/revisions"}],"wp:featuredmedia":[{"embeddable":true,"href":"https:\/\/www.radiopresidenteibanez.cl\/web\/wp-json\/wp\/v2\/media\/16415"}],"wp:attachment":[{"href":"https:\/\/www.radiopresidenteibanez.cl\/web\/wp-json\/wp\/v2\/media?parent=16414"}],"wp:term":[{"taxonomy":"category","embeddable":true,"href":"https:\/\/www.radiopresidenteibanez.cl\/web\/wp-json\/wp\/v2\/categories?post=16414"},{"taxonomy":"post_tag","embeddable":true,"href":"https:\/\/www.radiopresidenteibanez.cl\/web\/wp-json\/wp\/v2\/tags?post=16414"}],"curies":[{"name":"wp","href":"https:\/\/api.w.org\/{rel}","templated":true}]}}