{"id":16411,"date":"2020-11-27T02:00:00","date_gmt":"2020-11-27T02:00:00","guid":{"rendered":"https:\/\/www.radiopresidenteibanez.cl\/web\/?p=16411"},"modified":"2020-11-26T13:35:12","modified_gmt":"2020-11-26T13:35:12","slug":"barcaza-elicura-finalizo-track-norte","status":"publish","type":"post","link":"https:\/\/www.radiopresidenteibanez.cl\/web\/barcaza-elicura-finalizo-track-norte\/","title":{"rendered":"BARCAZA \u201cELICURA\u201d FINALIZ\u00d3 TRACK NORTE"},"content":{"rendered":"\n<p>La Barcaza LSM 90 \u201cElicura\u201d, con cincuenta y dos a\u00f1os de servicio en la regi\u00f3n y la segunda unidad m\u00e1s antigua de la Armada de Chile, juega un rol protag\u00f3nico en la reparaci\u00f3n y mantenci\u00f3n de la se\u00f1alizaci\u00f3n mar\u00edtima de los canales australes y el Estrecho de Magallanes.<\/p>\n\n\n\n<p>Dependiente de la Tercera Zona Naval, esta Unidad incluye en su dotaci\u00f3n, una partida de buzos especializados, quienes a lo largo del a\u00f1o, enfrentan climas extremos con el fin de mantener &nbsp;y reparar faros, boyas, y se\u00f1ales mar\u00edtimas &nbsp;que sirven para salvaguardar la seguridad en la ruta de los navegantes en la Jurisdicci\u00f3n.<\/p>\n\n\n\n<p>Durante 18 d\u00edas, la Barcaza realiz\u00f3 el mantenimiento de la se\u00f1alizaci\u00f3n mar\u00edtima y el apoyo log\u00edstico a lugares aislados en el \u00e1rea norte de la jurisdicci\u00f3n, comprendido entre el Faro San Pedro, Golfo de Penas y el Cabo Forward, en el Estrecho de Magallanes. &nbsp;&nbsp;<\/p>\n\n\n\n<p>Durante la comisi\u00f3n \u201cse trabaj\u00f3 en m\u00e1s de 102 se\u00f1ales mar\u00edtimas, entre ellas la reparaci\u00f3n e instalaci\u00f3n de se\u00f1ales electr\u00f3nicas (AIS), que facilitan la seguridad de la navegaci\u00f3n, ya que se pueden visualizar en las cartas electr\u00f3nicas y en los radares\u201d, explic\u00f3 el Comandante de la Unidad, Capit\u00e1n de Corbeta, Sebasti\u00e1n Palacios.<\/p>\n\n\n\n<p>Adem\u00e1s, el Comandante manifest\u00f3 que durante el trayecto se trabaj\u00f3 en el fondeo de dos boyas, en el sector del Bajo Virginia, en las cercan\u00edas de Puerto Natales y en otra, hacia el Canal Smith, que constituye una importante v\u00eda de navegaci\u00f3n de la zona norte de la regi\u00f3n de Magallanes. &nbsp;&nbsp;<\/p>\n\n\n\n<p>Otras de las tareas efectuadas por esta comisi\u00f3n fue el reaprovisionamiento de las Alcald\u00edas de Mar de Paso Tortuoso, Faro San Pedro, Puerto Ed\u00e9n, Caleta Tortel, Faro F\u00e9lix, Faro Fairway, y en Isla Guarello, donde se realiz\u00f3 apoyo log\u00edstico necesario para estos lugares.<\/p>\n","protected":false},"excerpt":{"rendered":"<p>La Barcaza LSM 90 \u201cElicura\u201d, con cincuenta y dos a\u00f1os de servicio en la regi\u00f3n y la segunda unidad m\u00e1s antigua de la Armada de Chile, juega un rol protag\u00f3nico&#8230; <a class=\"read-more\" href=\"https:\/\/www.radiopresidenteibanez.cl\/web\/barcaza-elicura-finalizo-track-norte\/\">Leer m\u00e1s<\/a><\/p>\n","protected":false},"author":2,"featured_media":16412,"comment_status":"closed","ping_status":"closed","sticky":false,"template":"","format":"standard","meta":{"footnotes":""},"categories":[1],"tags":[],"class_list":["post-16411","post","type-post","status-publish","format-standard","has-post-thumbnail","hentry","category-cronica"],"_links":{"self":[{"href":"https:\/\/www.radiopresidenteibanez.cl\/web\/wp-json\/wp\/v2\/posts\/16411","targetHints":{"allow":["GET"]}}],"collection":[{"href":"https:\/\/www.radiopresidenteibanez.cl\/web\/wp-json\/wp\/v2\/posts"}],"about":[{"href":"https:\/\/www.radiopresidenteibanez.cl\/web\/wp-json\/wp\/v2\/types\/post"}],"author":[{"embeddable":true,"href":"https:\/\/www.radiopresidenteibanez.cl\/web\/wp-json\/wp\/v2\/users\/2"}],"replies":[{"embeddable":true,"href":"https:\/\/www.radiopresidenteibanez.cl\/web\/wp-json\/wp\/v2\/comments?post=16411"}],"version-history":[{"count":0,"href":"https:\/\/www.radiopresidenteibanez.cl\/web\/wp-json\/wp\/v2\/posts\/16411\/revisions"}],"wp:featuredmedia":[{"embeddable":true,"href":"https:\/\/www.radiopresidenteibanez.cl\/web\/wp-json\/wp\/v2\/media\/16412"}],"wp:attachment":[{"href":"https:\/\/www.radiopresidenteibanez.cl\/web\/wp-json\/wp\/v2\/media?parent=16411"}],"wp:term":[{"taxonomy":"category","embeddable":true,"href":"https:\/\/www.radiopresidenteibanez.cl\/web\/wp-json\/wp\/v2\/categories?post=16411"},{"taxonomy":"post_tag","embeddable":true,"href":"https:\/\/www.radiopresidenteibanez.cl\/web\/wp-json\/wp\/v2\/tags?post=16411"}],"curies":[{"name":"wp","href":"https:\/\/api.w.org\/{rel}","templated":true}]}}