{"id":16406,"date":"2020-11-26T13:28:41","date_gmt":"2020-11-26T13:28:41","guid":{"rendered":"https:\/\/www.radiopresidenteibanez.cl\/web\/?p=16406"},"modified":"2020-11-26T13:28:45","modified_gmt":"2020-11-26T13:28:45","slug":"con-diversas-acciones-la-secretaria-regional-ministerial-de-la-mujer-y-la-equidad-de-genero-conmemoro-el-dia-internacional-de-la-eliminacion-de-la-violencia-contra-las-mujeres","status":"publish","type":"post","link":"https:\/\/www.radiopresidenteibanez.cl\/web\/con-diversas-acciones-la-secretaria-regional-ministerial-de-la-mujer-y-la-equidad-de-genero-conmemoro-el-dia-internacional-de-la-eliminacion-de-la-violencia-contra-las-mujeres\/","title":{"rendered":"CON DIVERSAS ACCIONES LA SECRETAR\u00cdA REGIONAL MINISTERIAL DE LA MUJER Y LA EQUIDAD DE G\u00c9NERO, CONMEMOR\u00d3 EL D\u00cdA INTERNACIONAL DE LA ELIMINACI\u00d3N DE LA VIOLENCIA CONTRA LAS MUJERES"},"content":{"rendered":"\n<p>La actividad central consisti\u00f3 en un conversatorio liderado\npor la profesional de apoyo Alejandra Ruiz Ovando, denominado, \u201cViolencia\nContra la mujer, podemos cambiar esta realidad\u201d y se realiz\u00f3 a las 19:00 horas\na trav\u00e9s de Facebook Live y YouTube y ser\u00e1 retransmitido en los pr\u00f3ximos d\u00edas\npor Tv Red. Se realiz\u00f3 en conjunto con el Ministerio de Ciencias, Tecnolog\u00eda,\nConocimiento e Innovaci\u00f3n y el Programa Explora, con su l\u00ednea de trabajo\nCiencia Abierta.<\/p>\n\n\n\n<p>En este conversatorio se abordaron, algunos temas importantes\nen la prevenci\u00f3n de la violencia contra la mujer, as\u00ed como algunos mitos y\nrealidades de esta tem\u00e1tica.<\/p>\n\n\n\n<p>En tanto la Intendenta Regional Jennifer Rojas Garc\u00eda y\nparte del Gabinete tambi\u00e9n se sumaron a la iniciativa y reafirmaron el\ncompromiso de contribuir a que como sociedad sea erradicado todo tipo de\nviolencia contra las mujeres.<\/p>\n\n\n\n<p>Por otra parte, la Seremi de la Mujer y la Equidad de\nG\u00e9nero, Daisy Carrera Ocaranza, la Directora Regional del SernamEG Fabiola\nGarc\u00eda Pinto y la Coordinadora de Seguridad P\u00fablica Pamela Flores Pinochet,\nhicieron un recorrido por varios puntos importantes de la ciudad,\nprincipalmente de instituciones que est\u00e1n directamente relacionadas con la\ncomunidad.<\/p>\n\n\n\n<p>El recorrido consult\u00f3 los centros de atenci\u00f3n primaria, la\nPrimera Comisaria de Carabineros y la base SAMU, Punta Arenas, donde las\nautoridades conversaron con los funcionarios y con el p\u00fablico presente\nrelevando la importancia de trabajar en la prevenci\u00f3n de la violencia contra la\nmujer, y dando a conocer las principales formas de contactar y denunciar estos\nhechos.<\/p>\n\n\n\n<p>Daisy Carrera dijo que estos funcionarios est\u00e1n en directo\ncontacto con la poblaci\u00f3n, y se ha establecido una l\u00ednea de trabajo conjunto\ncon ellos, tanto de atenci\u00f3n primaria como de urgencia. Agreg\u00f3 que con\nCarabineros tambi\u00e9n se est\u00e1 trabajando, existiendo en la 1\u00b0 Comisar\u00eda una\nOficina de la Familia donde se atiende esta problem\u00e1tica.<\/p>\n\n\n\n<p>De ser necesaria la orientaci\u00f3n en temas sobre violencias,\nexisten los tel\u00e9fonos 1455, y el WhatsApp silencioso +56997007000 en caso de\nque la mujer est\u00e9 cerca de su agresor. Tambi\u00e9n se puede obtener ayuda en la\nfarmacia m\u00e1s cercana, mencionando la palabra clave, mascarilla19, el equipo de\nla farmacia pedir\u00e1 los datos y pondr\u00e1 a la persona en contacto, con un equipo\nmultidisciplinario especializado, para entregar la ayuda necesaria.<\/p>\n\n\n\n<p>Para denuncias se debe llama directamente al 133 \u00f3 149 de\nCarabineros y 134 de la PDI o Fiscal\u00eda.<\/p>\n","protected":false},"excerpt":{"rendered":"<p>La actividad central consisti\u00f3 en un conversatorio liderado por la profesional de apoyo Alejandra Ruiz Ovando, denominado, \u201cViolencia Contra la mujer, podemos cambiar esta realidad\u201d y se realiz\u00f3 a las&#8230; <a class=\"read-more\" href=\"https:\/\/www.radiopresidenteibanez.cl\/web\/con-diversas-acciones-la-secretaria-regional-ministerial-de-la-mujer-y-la-equidad-de-genero-conmemoro-el-dia-internacional-de-la-eliminacion-de-la-violencia-contra-las-mujeres\/\">Leer m\u00e1s<\/a><\/p>\n","protected":false},"author":2,"featured_media":16407,"comment_status":"closed","ping_status":"closed","sticky":false,"template":"","format":"standard","meta":{"footnotes":""},"categories":[1],"tags":[],"class_list":["post-16406","post","type-post","status-publish","format-standard","has-post-thumbnail","hentry","category-cronica"],"_links":{"self":[{"href":"https:\/\/www.radiopresidenteibanez.cl\/web\/wp-json\/wp\/v2\/posts\/16406","targetHints":{"allow":["GET"]}}],"collection":[{"href":"https:\/\/www.radiopresidenteibanez.cl\/web\/wp-json\/wp\/v2\/posts"}],"about":[{"href":"https:\/\/www.radiopresidenteibanez.cl\/web\/wp-json\/wp\/v2\/types\/post"}],"author":[{"embeddable":true,"href":"https:\/\/www.radiopresidenteibanez.cl\/web\/wp-json\/wp\/v2\/users\/2"}],"replies":[{"embeddable":true,"href":"https:\/\/www.radiopresidenteibanez.cl\/web\/wp-json\/wp\/v2\/comments?post=16406"}],"version-history":[{"count":0,"href":"https:\/\/www.radiopresidenteibanez.cl\/web\/wp-json\/wp\/v2\/posts\/16406\/revisions"}],"wp:featuredmedia":[{"embeddable":true,"href":"https:\/\/www.radiopresidenteibanez.cl\/web\/wp-json\/wp\/v2\/media\/16407"}],"wp:attachment":[{"href":"https:\/\/www.radiopresidenteibanez.cl\/web\/wp-json\/wp\/v2\/media?parent=16406"}],"wp:term":[{"taxonomy":"category","embeddable":true,"href":"https:\/\/www.radiopresidenteibanez.cl\/web\/wp-json\/wp\/v2\/categories?post=16406"},{"taxonomy":"post_tag","embeddable":true,"href":"https:\/\/www.radiopresidenteibanez.cl\/web\/wp-json\/wp\/v2\/tags?post=16406"}],"curies":[{"name":"wp","href":"https:\/\/api.w.org\/{rel}","templated":true}]}}