{"id":16403,"date":"2020-11-26T04:00:00","date_gmt":"2020-11-26T04:00:00","guid":{"rendered":"https:\/\/www.radiopresidenteibanez.cl\/web\/?p=16403"},"modified":"2020-11-25T20:21:20","modified_gmt":"2020-11-25T20:21:20","slug":"seremi-de-salud-presenta-sistema-de-analisis-de-datos-que-permite-realizar-busqueda-activa-de-casos-en-zonas-que-tienen-mayor-probabilidad-detener-casos-asintomaticos","status":"publish","type":"post","link":"https:\/\/www.radiopresidenteibanez.cl\/web\/seremi-de-salud-presenta-sistema-de-analisis-de-datos-que-permite-realizar-busqueda-activa-de-casos-en-zonas-que-tienen-mayor-probabilidad-detener-casos-asintomaticos\/","title":{"rendered":"SEREMI DE SALUD PRESENTA SISTEMA DE AN\u00c1LISIS DE DATOS QUE PERMITE REALIZAR B\u00daSQUEDA ACTIVA DE CASOS EN ZONAS QUE TIENEN MAYOR PROBABILIDAD DETENER CASOS ASINTOM\u00c1TICOS"},"content":{"rendered":"\n<p>En\nla Plaza de Armas Mu\u00f1oz Gamero de Punta Arenas se realiz\u00f3 la presentaci\u00f3n del\nsistema de an\u00e1lisis de datos sobre movilidad de personas y datos\nepidemiol\u00f3gicos, que permitir\u00e1 generar acciones a nivel comunal para realizar\ntesteos dirigidos en zonas que tienen mayor probabilidad de tener casos activos\nno detectados. <\/p>\n\n\n\n<p>Se\nrealiza una B\u00fasqueda Activa de Casos en Plaza de Armas, porque la zona c\u00e9ntrica\nde Punta Arenas sigue siendo el foco de movilidad a nivel ciudad, con un\npromedio de lunes a viernes (el de mayor flujo), de un 68,8%, y sumando los\nfines de semana, este desciende a un 60,4%, por lo cual sigue siendo la zona\nideal de operativos BAC o fiscalizaciones, ante el flujo constantemente alto en\nesta zona.<\/p>\n\n\n\n<p>El\nMinisterio de Salud ha fortalecido la estrategia de Testeo y B\u00fasqueda Activa de\nCasos (BAC), la cual consiste en salir al territorio a tomar ex\u00e1menes PCR de\nmanera planificada en zonas con mayor n\u00famero de casos, donde vive poblaci\u00f3n m\u00e1s\nvulnerable o donde existe hacinamiento y acceso limitado a servicios b\u00e1sicos. <\/p>\n\n\n\n<p>Esto\nes fundamental para detectar de manera oportuna a todas aquellas personas que\npresentan el virus sin saberlo, indicarles aislamiento de forma precoz y trazar\nr\u00e1pidamente a todos sus contactos estrechos, disminuyendo as\u00ed las\nprobabilidades de propagaci\u00f3n de la enfermedad.&nbsp;\n<\/p>\n\n\n\n<p>Para\nfortalecer esta estrategia, como Subsecretar\u00eda de Salud P\u00fablica se est\u00e1\ntrabajando junto al Instituto de Sistemas Complejos en Ingenier\u00eda (ISCI) para\ndise\u00f1ar un modelo eficiente de B\u00fasqueda Activa de Casos de Covid-19 con el\nobjetivo de identificar zonas a nivel comunal y sus caracter\u00edsticas temporales,\npara realizar testeos dirigidos e identificar casos asintom\u00e1ticos de Covid-19\npara cortar cadenas de transmisi\u00f3n.<\/p>\n\n\n\n<p>Al\ncombinar los datos epidemiol\u00f3gicos del Minsal con los de movilidad, ISCI puede\nproyectar, cada d\u00eda de la semana, qu\u00e9 zonas tienen mayor probabilidad de tener\ncasos activos no detectados por metro cuadrado. Este \u00edndice de riesgo permitir\u00e1\norientar la B\u00fasqueda Activa de Casos, asegurando as\u00ed la eficiencia del testeo\nque se lleva a cabo en los territorios.<\/p>\n\n\n\n<p>&nbsp;Al respecto la Intendenta Jenniffer Rojas dijo\nque: \u201cEstamos en un operativo importante, que se ha estado replicado por varias\nsemanas de b\u00fasqueda activa de casos, \u00bfPor qu\u00e9 es tan relevante para nosotros?,\nporque a trav\u00e9s de la Universidad de Chile y Entel, podemos obtener estudios de\nmovilidad ver d\u00f3nde est\u00e1 la mayor cantidad de contagios y hacia donde se\ndesplazan. En ese sentido, podemos decir que est\u00e1 demostrado que m\u00e1s del 70% de\nlos casos se desplaza hacia la zona c\u00e9ntrica, por eso hoy estamos tomando estas\nmuestras ac\u00e1 en la Plaza de Armas, los fines de semana en Zona Franca, que eso\nes lo que nos muestra este estudio, por tanto, nos permite poder identificar\nlos casos asintom\u00e1ticos y as\u00ed cumplir con la Estrategia de Testeo, Trazabilidad\ny Aislamiento, y de esa forma prevenir que el contagio se siga propagando por\nel resto de la comunidad. <\/p>\n\n\n\n<p>Lo\nque hace este proyecto es relacionar las variaciones de los patrones de\nmovimiento con la tasa efectiva de contagios por zona, de manera de calcular un\n\u00edndice de riesgo en las diferentes zonas de destino. El \u00edndice de riesgo se\npuede visualizar en mapas de calor, que ser\u00e1n generados por ISCI semana a\nsemana, considerando la \u00faltima informaci\u00f3n epidemiol\u00f3gica y de movilidad de las\npersonas por la ciudad.<\/p>\n\n\n\n<p>El\nSEREMI de Salud (S), Eduardo Castillo, explic\u00f3 que \u201cse trata de un estudio\nproyectivo y que nos permite optimizar mejor los recursos de manera que dirigir\nla toma de PCR a las zonas donde hay una mayor probabilidad de encontrar\npersonas asintom\u00e1ticas porque provienen de lugares donde tenemos una mayor\nconcentraci\u00f3n de personas que son casos activos. Tambi\u00e9n queremos hacer un\nllamado a todas las personas porque hay un \u00edndice que tenemos que subir, que\nnos ha pedido el ministerio que es importante para salir de la cuarentena, que\ntiene que ver con la cantidad de contactos estrechos que los casos positivos\ndeclaran. Hoy tenemos en la regi\u00f3n uno de los \u00edndices m\u00e1s bajos, cercano al\n2,2. Ha subido un poco, pero no comparado con otras regiones que llegan a 4 o\n5%. Por eso es muy importante el llamado a que todas las personas que sean\nCovid positivo indiquen a todos sus contactos estrechos, que no tengan miedo, y\nque indiquen a lo menos a todo su grupo familiar\u201d. <\/p>\n\n\n\n<p>Hasta ahora el protocolo\ndefine que las tomas de ex\u00e1menes PCR se apliquen en zonas con mayor n\u00famero de\ncasos, donde vive poblaci\u00f3n m\u00e1s vulnerable o exista hacinamiento y acceso\nlimitado a servicios b\u00e1sicos. Sin embargo, los altos niveles de movilidad, que son\nanteriores incluso al Plan Paso a Paso, generan desaf\u00edos diferentes, pues\nresulta evidente que personas contagiadas asintom\u00e1ticas se mover\u00e1n de unas\npartes de la ciudad a otras. Frente a esto el uso de este tipo de tecnolog\u00eda es\nmuy relevante.<\/p>\n","protected":false},"excerpt":{"rendered":"<p>En la Plaza de Armas Mu\u00f1oz Gamero de Punta Arenas se realiz\u00f3 la presentaci\u00f3n del sistema de an\u00e1lisis de datos sobre movilidad de personas y datos epidemiol\u00f3gicos, que permitir\u00e1 generar&#8230; <a class=\"read-more\" href=\"https:\/\/www.radiopresidenteibanez.cl\/web\/seremi-de-salud-presenta-sistema-de-analisis-de-datos-que-permite-realizar-busqueda-activa-de-casos-en-zonas-que-tienen-mayor-probabilidad-detener-casos-asintomaticos\/\">Leer m\u00e1s<\/a><\/p>\n","protected":false},"author":2,"featured_media":16404,"comment_status":"closed","ping_status":"closed","sticky":false,"template":"","format":"standard","meta":{"footnotes":""},"categories":[1],"tags":[],"class_list":["post-16403","post","type-post","status-publish","format-standard","has-post-thumbnail","hentry","category-cronica"],"_links":{"self":[{"href":"https:\/\/www.radiopresidenteibanez.cl\/web\/wp-json\/wp\/v2\/posts\/16403","targetHints":{"allow":["GET"]}}],"collection":[{"href":"https:\/\/www.radiopresidenteibanez.cl\/web\/wp-json\/wp\/v2\/posts"}],"about":[{"href":"https:\/\/www.radiopresidenteibanez.cl\/web\/wp-json\/wp\/v2\/types\/post"}],"author":[{"embeddable":true,"href":"https:\/\/www.radiopresidenteibanez.cl\/web\/wp-json\/wp\/v2\/users\/2"}],"replies":[{"embeddable":true,"href":"https:\/\/www.radiopresidenteibanez.cl\/web\/wp-json\/wp\/v2\/comments?post=16403"}],"version-history":[{"count":0,"href":"https:\/\/www.radiopresidenteibanez.cl\/web\/wp-json\/wp\/v2\/posts\/16403\/revisions"}],"wp:featuredmedia":[{"embeddable":true,"href":"https:\/\/www.radiopresidenteibanez.cl\/web\/wp-json\/wp\/v2\/media\/16404"}],"wp:attachment":[{"href":"https:\/\/www.radiopresidenteibanez.cl\/web\/wp-json\/wp\/v2\/media?parent=16403"}],"wp:term":[{"taxonomy":"category","embeddable":true,"href":"https:\/\/www.radiopresidenteibanez.cl\/web\/wp-json\/wp\/v2\/categories?post=16403"},{"taxonomy":"post_tag","embeddable":true,"href":"https:\/\/www.radiopresidenteibanez.cl\/web\/wp-json\/wp\/v2\/tags?post=16403"}],"curies":[{"name":"wp","href":"https:\/\/api.w.org\/{rel}","templated":true}]}}