{"id":1640,"date":"2019-02-26T19:40:51","date_gmt":"2019-02-26T19:40:51","guid":{"rendered":"http:\/\/www.radiopresidenteibanez.cl\/web\/?p=1640"},"modified":"2019-02-26T19:41:10","modified_gmt":"2019-02-26T19:41:10","slug":"nido-org-sitio-web-que-atemoriza-a-las-mujeres-dando-a-conocer-informacion-e-imagenes-intimas","status":"publish","type":"post","link":"https:\/\/www.radiopresidenteibanez.cl\/web\/nido-org-sitio-web-que-atemoriza-a-las-mujeres-dando-a-conocer-informacion-e-imagenes-intimas\/","title":{"rendered":"NIDO.ORG SITI\u00d3 WEB QUE ATEMORIZA A LAS MUJERES DANDO A CONOCER INFORMACI\u00d3N E IM\u00c1GENES INTIMAS"},"content":{"rendered":"\n<p>Durante la jornada de este martes,\nlas principales redes sociales del pa\u00eds se han llenado de comentarios en contra\nde la p\u00e1gina web nido.org, sitio con distintos foros donde circulan fotograf\u00edas\ne informaci\u00f3n de mujeres chilenas, muchas afectadas han denominado esta\nsituaci\u00f3n como un \u201csitio de cacer\u00eda\u201d, ya que entregar\u00edan datos de donde viven,\nestudian, trabajan, etc\u00e9tera de las afectadas.<\/p>\n\n\n\n<p>As\u00ed tambi\u00e9n y luego de las mismas\nfotograf\u00edas e informaciones que circulan a trav\u00e9s de Facebook, Instagram y\nTwitter, comentan que esta lamentable situaci\u00f3n tambi\u00e9n estar\u00eda sucediendo en\nPunta Arenas, ya que habr\u00eda im\u00e1genes de mujeres que viven en la principal ciudad\nde nuestra regi\u00f3n, as\u00ed tambi\u00e9n hombres que estar\u00edan participando de esta red.<\/p>\n\n\n\n<p>Dentro de los diversos foros, hab\u00eda\nconversaciones donde los usuarios colocaban no s\u00f3lo im\u00e1genes sin\nconsentimiento, sino que informaci\u00f3n privada y contenido violento con la\nintenci\u00f3n de difamar a mujeres, adem\u00e1s de pedir \u201cpacks\u201d (galer\u00eda de fotograf\u00edas\n\u00edntimas) de algunas de ellas. <\/p>\n\n\n\n<p>Algunos pantallazos de esta web\nque se ha divulgado en varios sitios de internet, manifiestan que los\nparticipantes de esta red estar\u00edan organizando una jornada de secuestro masivo\npara el pr\u00f3ximo martes 5 de marzo, cabe mencionar tambi\u00e9n que estos individuos secuestran\na sus v\u00edctimas usando el m\u00e9todo de la droga burundanga.<\/p>\n\n\n\n<p><em>Burundanga, tambi\u00e9n llamada escopolamina, ha resultado ser la\nsubstancia psicotr\u00f3pica perfecta para los agresores, pues provoca un\nautomatismo en el cerebro de la v\u00edctima causando un estado de sumisi\u00f3n ante\ncualquier orden. De este modo, algunos delincuentes y agresores sexuales\nsuministran el f\u00e1rmaco a la persona que desean robar, violar o incluso\nasesinar. Una vez consumido, la v\u00edctima queda totalmente desprotegida.<\/em><\/p>\n\n\n\n<p>En nuestra regi\u00f3n por su parte la\nPolic\u00eda de Investigaciones, a\u00fan no recibe alg\u00fan tipo de denuncias por estos\nhechos, as\u00ed tambi\u00e9n en el a\u00f1o 2018 no se detect\u00f3 ni se incaut\u00f3 la droga\nburundanga. Si se nos coment\u00f3 que est\u00e1n siguiendo de cerca estas situaciones a trav\u00e9s\nde las publicaciones de las distintas redes sociales.<\/p>\n\n\n\n<p>Ante esta situaci\u00f3n la ministra\nde la Mujer y Equidad de G\u00e9nero, Isabel Pl\u00e1, manifest\u00f3 que \u201cVoy a ser muy\nenf\u00e1tica en esas personas que est\u00e1n promoviendo esos sitios. Esas personas que\nest\u00e1n ejecutando esas acciones est\u00e1n hoy al margen de la ley y cuando sean\nlocalizados van a responder ante la justicia\u201c, asegur\u00f3 la secretaria de Estado<\/p>\n","protected":false},"excerpt":{"rendered":"<p>Durante la jornada de este martes, las principales redes sociales del pa\u00eds se han llenado de comentarios en contra de la p\u00e1gina web nido.org, sitio con distintos foros donde circulan&#8230; <a class=\"read-more\" href=\"https:\/\/www.radiopresidenteibanez.cl\/web\/nido-org-sitio-web-que-atemoriza-a-las-mujeres-dando-a-conocer-informacion-e-imagenes-intimas\/\">Leer m\u00e1s<\/a><\/p>\n","protected":false},"author":2,"featured_media":1641,"comment_status":"closed","ping_status":"closed","sticky":false,"template":"","format":"standard","meta":{"footnotes":""},"categories":[1,6],"tags":[],"class_list":["post-1640","post","type-post","status-publish","format-standard","has-post-thumbnail","hentry","category-cronica","category-policial"],"_links":{"self":[{"href":"https:\/\/www.radiopresidenteibanez.cl\/web\/wp-json\/wp\/v2\/posts\/1640","targetHints":{"allow":["GET"]}}],"collection":[{"href":"https:\/\/www.radiopresidenteibanez.cl\/web\/wp-json\/wp\/v2\/posts"}],"about":[{"href":"https:\/\/www.radiopresidenteibanez.cl\/web\/wp-json\/wp\/v2\/types\/post"}],"author":[{"embeddable":true,"href":"https:\/\/www.radiopresidenteibanez.cl\/web\/wp-json\/wp\/v2\/users\/2"}],"replies":[{"embeddable":true,"href":"https:\/\/www.radiopresidenteibanez.cl\/web\/wp-json\/wp\/v2\/comments?post=1640"}],"version-history":[{"count":0,"href":"https:\/\/www.radiopresidenteibanez.cl\/web\/wp-json\/wp\/v2\/posts\/1640\/revisions"}],"wp:featuredmedia":[{"embeddable":true,"href":"https:\/\/www.radiopresidenteibanez.cl\/web\/wp-json\/wp\/v2\/media\/1641"}],"wp:attachment":[{"href":"https:\/\/www.radiopresidenteibanez.cl\/web\/wp-json\/wp\/v2\/media?parent=1640"}],"wp:term":[{"taxonomy":"category","embeddable":true,"href":"https:\/\/www.radiopresidenteibanez.cl\/web\/wp-json\/wp\/v2\/categories?post=1640"},{"taxonomy":"post_tag","embeddable":true,"href":"https:\/\/www.radiopresidenteibanez.cl\/web\/wp-json\/wp\/v2\/tags?post=1640"}],"curies":[{"name":"wp","href":"https:\/\/api.w.org\/{rel}","templated":true}]}}